{"id":922,"date":"2023-01-11T07:20:32","date_gmt":"2023-01-11T06:20:32","guid":{"rendered":"https:\/\/wedding-bymove.com\/?p=922"},"modified":"2023-01-09T20:31:55","modified_gmt":"2023-01-09T19:31:55","slug":"mariage-avec-sans-enfants","status":"publish","type":"post","link":"https:\/\/wedding-bymove.com\/index.php\/2023\/01\/11\/mariage-avec-sans-enfants\/","title":{"rendered":"Mariage avec ou sans enfants\u00a0?"},"content":{"rendered":"<p>[et_pb_section fb_built=\u00a0\u00bb1&Prime; custom_padding_last_edited=\u00a0\u00bbon|tablet\u00a0\u00bb admin_label=\u00a0\u00bbHero\u00a0\u00bb _builder_version=\u00a0\u00bb4.16&Prime; use_background_color_gradient=\u00a0\u00bbon\u00a0\u00bb background_color_gradient_direction=\u00a0\u00bb90deg\u00a0\u00bb background_color_gradient_stops=\u00a0\u00bb#F0EDEE 65%|#F9F6F5 65%\u00a0\u00bb background_color_gradient_start=\u00a0\u00bb#F0EDEE\u00a0\u00bb background_color_gradient_start_position=\u00a0\u00bb65%\u00a0\u00bb background_color_gradient_end=\u00a0\u00bb#F9F6F5&Prime; background_color_gradient_end_position=\u00a0\u00bb0%\u00a0\u00bb background_size=\u00a0\u00bbinitial\u00a0\u00bb background_position=\u00a0\u00bbtop_left\u00a0\u00bb background_repeat=\u00a0\u00bbrepeat\u00a0\u00bb custom_margin=\u00a0\u00bb|||\u00a0\u00bb custom_padding=\u00a0\u00bb6vw|0px|0px|0px|false|false\u00a0\u00bb custom_padding_tablet=\u00a0\u00bb0vw|||\u00a0\u00bb custom_padding_phone=\u00a0\u00bb\u00a0\u00bb hover_enabled=\u00a0\u00bb0&Prime; global_colors_info=\u00a0\u00bb{}\u00a0\u00bb theme_builder_area=\u00a0\u00bbpost_content\u00a0\u00bb sticky_enabled=\u00a0\u00bb0&Prime;][et_pb_row column_structure=\u00a0\u00bb1_2,1_2&Prime; make_equal=\u00a0\u00bbon\u00a0\u00bb disabled_on=\u00a0\u00bboff|off|off\u00a0\u00bb _builder_version=\u00a0\u00bb4.17.3&Prime; width=\u00a0\u00bb100%\u00a0\u00bb max_width=\u00a0\u00bb100%\u00a0\u00bb custom_padding=\u00a0\u00bb0px|0px|0px|0px|true|true\u00a0\u00bb hover_enabled=\u00a0\u00bb0&Prime; use_custom_width=\u00a0\u00bbon\u00a0\u00bb width_unit=\u00a0\u00bboff\u00a0\u00bb custom_width_percent=\u00a0\u00bb100%\u00a0\u00bb global_colors_info=\u00a0\u00bb{}\u00a0\u00bb theme_builder_area=\u00a0\u00bbpost_content\u00a0\u00bb sticky_enabled=\u00a0\u00bb0&Prime;][et_pb_column type=\u00a0\u00bb1_2&Prime; _builder_version=\u00a0\u00bb4.17.3&Prime; use_background_color_gradient=\u00a0\u00bbon\u00a0\u00bb background_color_gradient_direction=\u00a0\u00bb30deg\u00a0\u00bb background_color_gradient_stops=\u00a0\u00bbrgba(222,213,216,0.1) 0%|rgba(222,213,216,0.7) 100%\u00a0\u00bb background_color_gradient_overlays_image=\u00a0\u00bbon\u00a0\u00bb background_color_gradient_start=\u00a0\u00bbrgba(222,213,216,0.1)\u00a0\u00bb background_color_gradient_end=\u00a0\u00bbrgba(222,213,216,0.7)\u00a0\u00bb background_image=\u00a0\u00bbhttps:\/\/wedding-bymove.com\/wp-content\/uploads\/2023\/01\/Maud-Venel-5977-scaled.jpg\u00a0\u00bb custom_padding=\u00a0\u00bb|||\u00a0\u00bb hover_enabled=\u00a0\u00bb0&Prime; global_colors_info=\u00a0\u00bb{}\u00a0\u00bb custom_padding__hover=\u00a0\u00bb|||\u00a0\u00bb theme_builder_area=\u00a0\u00bbpost_content\u00a0\u00bb sticky_enabled=\u00a0\u00bb0&Prime; title_text=\u00a0\u00bbMaud Venel-5977&Prime;][et_pb_divider show_divider=\u00a0\u00bboff\u00a0\u00bb _builder_version=\u00a0\u00bb4.16&Prime; height=\u00a0\u00bb20vw\u00a0\u00bb hover_enabled=\u00a0\u00bb0&Prime; global_colors_info=\u00a0\u00bb{}\u00a0\u00bb theme_builder_area=\u00a0\u00bbpost_content\u00a0\u00bb sticky_enabled=\u00a0\u00bb0&Prime;][\/et_pb_divider][\/et_pb_column][et_pb_column type=\u00a0\u00bb1_2&Prime; _builder_version=\u00a0\u00bb4.16&Prime; custom_padding=\u00a0\u00bb10vw||10vw|\u00a0\u00bb custom_padding_tablet=\u00a0\u00bb|10%||10%||true\u00a0\u00bb custom_padding_phone=\u00a0\u00bb\u00a0\u00bb custom_padding_last_edited=\u00a0\u00bbon|tablet\u00a0\u00bb global_colors_info=\u00a0\u00bb{}\u00a0\u00bb padding_tablet=\u00a0\u00bb|10%||10%||true\u00a0\u00bb padding_last_edited=\u00a0\u00bbon|tablet\u00a0\u00bb custom_padding__hover=\u00a0\u00bb|||\u00a0\u00bb theme_builder_area=\u00a0\u00bbpost_content\u00a0\u00bb padding_phone=\u00a0\u00bb|10%||10%||true\u00a0\u00bb][et_pb_text _builder_version=\u00a0\u00bb4.16&Prime; text_font=\u00a0\u00bb||||||||\u00a0\u00bb text_font_size=\u00a0\u00bb16px\u00a0\u00bb text_line_height=\u00a0\u00bb2em\u00a0\u00bb header_font=\u00a0\u00bbOswald|500||on|||||\u00a0\u00bb header_font_size=\u00a0\u00bb6vw\u00a0\u00bb header_letter_spacing=\u00a0\u00bb0.05em\u00a0\u00bb header_line_height=\u00a0\u00bb1.2em\u00a0\u00bb header_5_font=\u00a0\u00bbRoboto|700||on|||||\u00a0\u00bb header_5_text_color=\u00a0\u00bb#898ea2&Prime; header_5_font_size=\u00a0\u00bb26px\u00a0\u00bb header_5_letter_spacing=\u00a0\u00bb10px\u00a0\u00bb header_5_line_height=\u00a0\u00bb1.4em\u00a0\u00bb header_6_font=\u00a0\u00bbRoboto|700||on|||||\u00a0\u00bb header_6_text_color=\u00a0\u00bb#d39b86&Prime; header_6_font_size=\u00a0\u00bb16px\u00a0\u00bb header_6_letter_spacing=\u00a0\u00bb5px\u00a0\u00bb header_6_line_height=\u00a0\u00bb1.5em\u00a0\u00bb text_orientation=\u00a0\u00bbright\u00a0\u00bb custom_margin=\u00a0\u00bb|10vw||-20vw\u00a0\u00bb custom_margin_tablet=\u00a0\u00bb|0%||0%||true\u00a0\u00bb custom_margin_phone=\u00a0\u00bb|||\u00a0\u00bb custom_margin_last_edited=\u00a0\u00bbon|phone\u00a0\u00bb custom_padding=\u00a0\u00bb|||\u00a0\u00bb custom_padding_last_edited=\u00a0\u00bboff|desktop\u00a0\u00bb animation_style=\u00a0\u00bbslide\u00a0\u00bb animation_direction=\u00a0\u00bbleft\u00a0\u00bb animation_intensity_slide=\u00a0\u00bb2%\u00a0\u00bb header_font_size_tablet=\u00a0\u00bb70px\u00a0\u00bb header_font_size_phone=\u00a0\u00bb40px\u00a0\u00bb header_font_size_last_edited=\u00a0\u00bbon|phone\u00a0\u00bb header_line_height_tablet=\u00a0\u00bb\u00a0\u00bb header_line_height_phone=\u00a0\u00bb1.5em\u00a0\u00bb header_line_height_last_edited=\u00a0\u00bbon|phone\u00a0\u00bb header_5_font_size_tablet=\u00a0\u00bb\u00a0\u00bb header_5_font_size_phone=\u00a0\u00bb18px\u00a0\u00bb header_5_font_size_last_edited=\u00a0\u00bbon|phone\u00a0\u00bb locked=\u00a0\u00bboff\u00a0\u00bb global_colors_info=\u00a0\u00bb{}\u00a0\u00bb theme_builder_area=\u00a0\u00bbpost_content\u00a0\u00bb]<\/p>\n<h5>\u00a0ARTICLE<\/h5>\n<h1>Mariage avec ou sans enfantS ?\u00a0<\/h1>\n<h6>BONNE QUESTION<\/h6>\n<p>[\/et_pb_text][\/et_pb_column][\/et_pb_row][\/et_pb_section][et_pb_section fb_built=\u00a0\u00bb1&Prime; custom_padding_last_edited=\u00a0\u00bboff|desktop\u00a0\u00bb admin_label=\u00a0\u00bbAbout Me\u00a0\u00bb _builder_version=\u00a0\u00bb4.16&Prime; use_background_color_gradient=\u00a0\u00bbon\u00a0\u00bb background_color_gradient_direction=\u00a0\u00bb90deg\u00a0\u00bb background_color_gradient_stops=\u00a0\u00bbrgba(240,237,238,0) 75%|#F9F6F5 75%\u00a0\u00bb background_color_gradient_start=\u00a0\u00bbrgba(240,237,238,0)\u00a0\u00bb background_color_gradient_start_position=\u00a0\u00bb75%\u00a0\u00bb background_color_gradient_end=\u00a0\u00bb#F9F6F5&Prime; background_color_gradient_end_position=\u00a0\u00bb0%\u00a0\u00bb background_image=\u00a0\u00bbhttps:\/\/wedding-bymove.com\/wp-content\/uploads\/2021\/02\/divider.png\u00a0\u00bb background_size=\u00a0\u00bbinitial\u00a0\u00bb background_position=\u00a0\u00bbtop_left\u00a0\u00bb background_repeat=\u00a0\u00bbrepeat\u00a0\u00bb custom_margin=\u00a0\u00bb|||\u00a0\u00bb custom_padding=\u00a0\u00bb|||\u00a0\u00bb custom_padding_tablet=\u00a0\u00bb0vw|||\u00a0\u00bb animation_style=\u00a0\u00bbslide\u00a0\u00bb animation_direction=\u00a0\u00bbright\u00a0\u00bb animation_intensity_slide=\u00a0\u00bb2%\u00a0\u00bb global_colors_info=\u00a0\u00bb{}\u00a0\u00bb theme_builder_area=\u00a0\u00bbpost_content\u00a0\u00bb][et_pb_row column_structure=\u00a0\u00bb3_4,1_4&Prime; _builder_version=\u00a0\u00bb4.16&Prime; custom_padding=\u00a0\u00bb|||\u00a0\u00bb global_colors_info=\u00a0\u00bb{}\u00a0\u00bb theme_builder_area=\u00a0\u00bbpost_content\u00a0\u00bb][et_pb_column type=\u00a0\u00bb3_4&Prime; _builder_version=\u00a0\u00bb4.16&Prime; custom_padding=\u00a0\u00bb|||\u00a0\u00bb custom_padding_tablet=\u00a0\u00bb|10%||10%||true\u00a0\u00bb custom_padding_phone=\u00a0\u00bb|||\u00a0\u00bb custom_padding_last_edited=\u00a0\u00bboff|desktop\u00a0\u00bb global_colors_info=\u00a0\u00bb{}\u00a0\u00bb padding_phone=\u00a0\u00bb|||\u00a0\u00bb padding_tablet=\u00a0\u00bb|10%||10%||true\u00a0\u00bb padding_last_edited=\u00a0\u00bboff|desktop\u00a0\u00bb custom_padding__hover=\u00a0\u00bb|||\u00a0\u00bb theme_builder_area=\u00a0\u00bbpost_content\u00a0\u00bb][et_pb_text _builder_version=\u00a0\u00bb4.17.3&Prime; text_font=\u00a0\u00bb||||||||\u00a0\u00bb text_font_size=\u00a0\u00bb16px\u00a0\u00bb text_line_height=\u00a0\u00bb2em\u00a0\u00bb header_font=\u00a0\u00bb||||||||\u00a0\u00bb header_2_font=\u00a0\u00bbOswald|||on|||||\u00a0\u00bb header_2_line_height=\u00a0\u00bb1.5em\u00a0\u00bb header_4_font=\u00a0\u00bb||||||||\u00a0\u00bb custom_margin=\u00a0\u00bb|||\u00a0\u00bb custom_padding=\u00a0\u00bb||0px|||\u00a0\u00bb hover_enabled=\u00a0\u00bb0&Prime; inline_fonts=\u00a0\u00bbJosefin Sans\u00a0\u00bb global_colors_info=\u00a0\u00bb{}\u00a0\u00bb theme_builder_area=\u00a0\u00bbpost_content\u00a0\u00bb sticky_enabled=\u00a0\u00bb0&Prime;]<\/p>\n<p><em>SSEn ce d\u00e9but d\u2019ann\u00e9e, on a d\u00e9cid\u00e9 d\u2019\u00e9voquer un sujet sensible dans certaine famille : inviter\u2026 ou non les enfants au mariage.<\/em><\/p>\n<p><em>Spoiler Alert\u00a0: On ne vous dira pas, il faut ou il ne faut pas\u00a0! Chaque couple prendra sa propre d\u00e9cision. En revanche, on va vous donner les avantages des deux situations<\/em><\/p>\n<p><em>Pour certains d\u2019entre vous, c\u2019est peut-\u00eatre un non-sujet. Votre avis est tranch\u00e9 et c\u2019est tr\u00e8s bien. Mais si vous vous questionnez encore, alors cet article est fait pour vous\u00a0!<\/em><\/p>\n<h2><strong>Dans quel cas se poser la question du mariage avec ou sans enfants\u00a0? <\/strong><\/h2>\n<p>Evidemment la question d\u2019inviter ou non les enfants ne se pose pas toujours\u00a0:<\/p>\n<p>Un jeune couple de 25 ans dont tous les amis sont dans la m\u00eame tranche d\u2019\u00e2ge et n\u2019ont pas encore d\u2019enfant peut assez facilement prendre la d\u00e9cision de ne pas inviter les petites t\u00eates blondes (rousses, ch\u00e2tains\u2026). Tr\u00e8s peu d\u2019invit\u00e9s seront impact\u00e9s, donc c\u2019est assez facile.<\/p>\n<p>En revanche, quand on arrive dans la tranche d\u2019\u00e2ge des 30-40 ans ou quand les futurs mari\u00e9s ont eux-m\u00eames des enfants, la question peut se poser\u00a0!<\/p>\n<p>Plusieurs cas de figure\u00a0se pr\u00e9sentent. Cela d\u00e9pend si<\/p>\n<h3>1\/ Les futurs mari\u00e9s ont des enfants<\/h3>\n<ul>\n<li>Et ils sont ravis de convier les petiots de leurs invit\u00e9s \u00e0 tout l\u2019\u00e9v\u00e8nement<\/li>\n<li>OU leurs merveilles du monde seront bien s\u00fbr l\u00e0 mais les autres invit\u00e9s sont pri\u00e9s de laisser leur prog\u00e9niture avec la nounou\u00a0! SUJET SENSIBLE<\/li>\n<\/ul>\n<h3>2\/ Les futurs mari\u00e9s n\u2019ont pas d\u2019enfants<\/h3>\n<ul>\n<li>mais tout le monde est le bienvenu (m\u00eame s\u2019il mesure moins d\u20191m10)<\/li>\n<li>et ne veulent aucun petit humain de moins de 15 ans \u00e0 leur union<\/li>\n<\/ul>\n<h3>3\/ Votre lieu du mariage est adapt\u00e9&#8230; ou non aux enfants<\/h3>\n<ul>\n<li>Si le lieu est clos, avec des jeux pour les occuper, et nounous \u00e0 disposition\u2026 alors oui, venez avec vos bambins !<\/li>\n<li>Si vous avez 20mn de marche en montagne, totalement ouvert sur les p\u00e2turages environnants, ou avec une splendide piscine\u2026 et donc, trop compliqu\u00e9 \u00e0 s\u00e9curiser pour les enfants \u2013 mieux vaut les laisser chez mamie \ud83d\ude0a<\/li>\n<\/ul>\n<p>En tant qu\u2019invit\u00e9s, vous pouvez trouver cela un peu rude de ne pas pouvoir venir avec vos petits monstres euh pardon, vos petits anges.<\/p>\n<p>Sachez que la plupart du temps <strong>c\u2019est pour que vous (invit\u00e9s) puissiez profiter de la soir\u00e9e<\/strong> jusqu\u2019au bout de la nuit sans devoir aller vous coucher en m\u00eame temps qu\u2019eux \u2013 ou vous levez apr\u00e8s 3 petites heures de sommeil pour le biberon&#8230; Bon ok \u00e7a peut aussi \u00eatre pour ne pas entendre le petit Lancelot hurler \u00e0 la mairie ou qu\u2019il mette ses adorables petites mimines pleines de g\u00e2teau sur la robe de la mari\u00e9e\u00a0\ud83d\ude0a\u00a0!<\/p>\n<p>En tant qu\u2019invit\u00e9s, si vous avez des enfants, vous avez deux options\u00a0: comprendre et accepter la d\u00e9cision des mari\u00e9s OU tout simplement de ne pas venir. Inutile de leur faire remarquer que leur id\u00e9e est saugrenue\u00a0! Sachez que ce choix est m\u00fbrement r\u00e9fl\u00e9chi en amont de l\u2019envoi de l\u2019invitation. Les futurs mari\u00e9s se font parfois m\u00eame des n\u0153uds au cerveau en imaginant la r\u00e9action de tel cousin ou de telle cousine\u00a0!<\/p>\n<h2><strong>Les avantages et les inconv\u00e9nients d\u2019un mariage avec enfants<\/strong><\/h2>\n<h3>Les avantages\u00a0:<\/h3>\n<ul>\n<li>Pour les mari\u00e9s\u00a0:\n<ul>\n<li>La mignonnerie\u00a0! Bah oui c\u2019est mignon de voir votre ni\u00e8ce faire des grimaces au photographe dans sa jolie robe de princesse. Et c\u2019est tout aussi adorable d\u2019avoir des enfants d\u2019honneur ou un petit page qui apporte les alliances de fa\u00e7on maladroite\u00a0\ud83d\ude0a<\/li>\n<li>\u00c7a fait de la vie\u00a0! Et oui dans certaines familles les mariages peuvent commencer doucement notamment la partie dansante. Alors avoir des enfants qui investissent le dance floor pour nous montrer leurs talents, c\u2019est dr\u00f4le et \u00e7a motive les adultes\u00a0!<\/li>\n<li>Si les mari\u00e9s ont eux-m\u00eames des enfants, \u00e7a leur fait des copains avec qui jouer\u00a0! Ce qui \u00e9vite d\u2019accaparer papa et maman\u00a0\ud83d\ude09!<\/li>\n<\/ul>\n<\/li>\n<li>Pour les invit\u00e9s\n<ul>\n<li>Si votre enfant est L\u2019ELUE pour porter les alliances ou jeter les p\u00e9tales de roses dans l\u2019all\u00e9e de la c\u00e9r\u00e9monie la\u00efque, oulala les \u00e9motions que cela peut vous provoquer \u2026 Oui on sait, vous \u00eates fiers\u00a0!!<\/li>\n<li>Pas de baby-sitters \u00e0 trouver pour le week-end entier. D\u2019autant que si vous \u00eates des invit\u00e9s de la famille proche, il y a de fortes chances que vos nounous habituelles (papy mamie, tata etc\u2026) soient aussi invit\u00e9es au mariage\u00a0!<\/li>\n<li>Et donc des \u00e9conomies\u2026 Car une nounou du samedi midi jusqu\u2019au dimanche milieu de matin\u00e9e (au mieux) c\u2019est un budget\u00a0!<\/li>\n<\/ul>\n<\/li>\n<\/ul>\n<h3>Les inconv\u00e9nients\u00a0:<\/h3>\n<ul>\n<li>Pour les mari\u00e9s\u00a0:\n<ul>\n<li>Le budget\u00a0: Si le couple veut accueillir les enfants dans de bonnes conditions, ils vont probablement pr\u00e9voir des baby-sitters\/animateurs\u2026 Et outre la difficult\u00e9 d\u2019en trouver\u2026 cela a aussi un co\u00fbt non n\u00e9gligeable<\/li>\n<\/ul>\n<\/li>\n<li>Pour les invit\u00e9s\u00a0:\n<ul>\n<li>Il ne faut pas (trop) abuser de l\u2019alcool. Il faut quand m\u00eame r\u00e9ussir \u00e0 coucher les enfants et \u2026<\/li>\n<li>Il va falloir se lever le lendemain matin\u00a0: vous aussi vous trouvez ce ph\u00e9nom\u00e8ne \u00e9trange et paranormal\u00a0? Un enfant qui se couche \u00e0 minuit se l\u00e8vera quand m\u00eame \u00e0 8h quand ce n\u2019est pas 7h\u00a0! Soit on laisse les mamies et papys g\u00e9rer le petit d\u00e9jeuner soit il faut se lever\u00a0!<\/li>\n<\/ul>\n<\/li>\n<\/ul>\n<h2><strong>Les avantages et les inconv\u00e9nients d\u2019un mariage sans enfant<\/strong><\/h2>\n<h3>Les avantages\u00a0:<\/h3>\n<ul>\n<li>Pour les mari\u00e9s\u00a0:\n<ul>\n<li>En toute logique le budget, pas d\u2019animateur \u00e0 pr\u00e9voir pour occuper les rase-moquette (c\u2019est bient\u00f4t la fin de l\u2019article, je commence \u00e0 \u00eatre limit\u00e9e en surnom pour les gnomes)<\/li>\n<\/ul>\n<\/li>\n<li>Pour les invit\u00e9s\u00a0:\n<ul>\n<li>Vous allez enfin pouvoir profiter d\u2019une soir\u00e9e fun et anim\u00e9e avec votre conjoint.e sans la petite derni\u00e8re si mignonne\u2026 mais si collante\u00a0!<\/li>\n<\/ul>\n<\/li>\n<\/ul>\n<h3>Les inconv\u00e9nients\u00a0:<\/h3>\n<ul>\n<li>Pour les mari\u00e9s\u00a0:\n<ul>\n<li>Le m\u00e9contentement de certains de vos invit\u00e9s et donc la non-pr\u00e9sence de certains \u00e0 la suite \u00e0 votre d\u00e9cision. Ce n\u2019est pas grave en soi, mais il faut en avoir conscience,<\/li>\n<li>Si vous avez des enfants, ils risquent de se retrouver un peu seuls au milieu de tous les g\u00e9ants. M\u00eame si globalement, on sait qu\u2019ils seront le centre de l\u2019attention (presque autant que vous)<\/li>\n<\/ul>\n<\/li>\n<li>Pour les invit\u00e9s\u00a0:\n<ul>\n<li>La contrainte en terme d\u2019organisation\u00a0: il faut trouver la personne qui va pouvoir garder vos enfants ce week-end ou ce jour-l\u00e0<\/li>\n<li>Le budget\u00a0: et oui car si ce n\u2019est pas les mari\u00e9s qui payent la baby-sitter, c\u2019est \u00e0 vous de le faire<\/li>\n<\/ul>\n<\/li>\n<\/ul>\n<p>Pour finir, comme vous l\u2019avez lu, il n\u2019y a pas de bonne ou de mauvaise solution\u00a0! Il faut juste que la d\u00e9cision soit en accord avec les principes des mari\u00e9s et que les invit\u00e9s jouent le jeu et que tout le monde s\u2019y tienne\u00a0! Rien de pire que d\u2019avoir des nains de jardin non pr\u00e9vus \u00e0 un mariage\u00a0!<\/p>\n<p>&nbsp;<\/p>\n<p>Cr\u00e9dit Photo\u00a0: Maud Venel Photographie, Marie Labe et Gerel Photographie<\/p>\n<p>[\/et_pb_text][et_pb_text _builder_version=\u00a0\u00bb4.16&Prime; text_font=\u00a0\u00bb||||||||\u00a0\u00bb text_font_size=\u00a0\u00bb16px\u00a0\u00bb text_line_height=\u00a0\u00bb2em\u00a0\u00bb header_font=\u00a0\u00bb||||||||\u00a0\u00bb header_2_font=\u00a0\u00bbOswald|||on|||||\u00a0\u00bb header_2_line_height=\u00a0\u00bb1.5em\u00a0\u00bb header_4_font=\u00a0\u00bb||||||||\u00a0\u00bb custom_margin=\u00a0\u00bb|||\u00a0\u00bb global_colors_info=\u00a0\u00bb{}\u00a0\u00bb theme_builder_area=\u00a0\u00bbpost_content\u00a0\u00bb][\/et_pb_text][\/et_pb_column][et_pb_column type=\u00a0\u00bb1_4&Prime; _builder_version=\u00a0\u00bb4.16&Prime; custom_padding=\u00a0\u00bb|||\u00a0\u00bb custom_padding_tablet=\u00a0\u00bb|10%||10%||true\u00a0\u00bb custom_padding_phone=\u00a0\u00bb|||\u00a0\u00bb custom_padding_last_edited=\u00a0\u00bboff|desktop\u00a0\u00bb global_colors_info=\u00a0\u00bb{}\u00a0\u00bb padding_phone=\u00a0\u00bb|||\u00a0\u00bb padding_tablet=\u00a0\u00bb|10%||10%||true\u00a0\u00bb padding_last_edited=\u00a0\u00bboff|desktop\u00a0\u00bb custom_padding__hover=\u00a0\u00bb|||\u00a0\u00bb theme_builder_area=\u00a0\u00bbpost_content\u00a0\u00bb][et_pb_image src=\u00a0\u00bbhttps:\/\/wedding-bymove.com\/wp-content\/uploads\/2023\/01\/2022-06-04_49725-Recupere.jpg\u00a0\u00bb title_text=\u00a0\u00bb2022-06-04_49725-R\u00e9cup\u00e9r\u00e9\u00a0\u00bb _builder_version=\u00a0\u00bb4.17.3&Prime; _module_preset=\u00a0\u00bbdefault\u00a0\u00bb filter_opacity=\u00a0\u00bb60%\u00a0\u00bb hover_enabled=\u00a0\u00bb0&Prime; global_colors_info=\u00a0\u00bb{}\u00a0\u00bb theme_builder_area=\u00a0\u00bbpost_content\u00a0\u00bb sticky_enabled=\u00a0\u00bb0&Prime;][\/et_pb_image][et_pb_image src=\u00a0\u00bbhttps:\/\/wedding-bymove.com\/wp-content\/uploads\/2023\/01\/2022-06-04_49859.jpg\u00a0\u00bb title_text=\u00a0\u00bb2022-06-04_49859&Prime; _builder_version=\u00a0\u00bb4.17.3&Prime; _module_preset=\u00a0\u00bbdefault\u00a0\u00bb filter_opacity=\u00a0\u00bb60%\u00a0\u00bb hover_enabled=\u00a0\u00bb0&Prime; global_colors_info=\u00a0\u00bb{}\u00a0\u00bb theme_builder_area=\u00a0\u00bbpost_content\u00a0\u00bb sticky_enabled=\u00a0\u00bb0&Prime;][\/et_pb_image][et_pb_image src=\u00a0\u00bbhttps:\/\/wedding-bymove.com\/wp-content\/uploads\/2023\/01\/0530_Maud_Venel-0021-scaled.jpg\u00a0\u00bb title_text=\u00a0\u00bb0530_Maud_Venel-0021&Prime; _builder_version=\u00a0\u00bb4.17.3&Prime; _module_preset=\u00a0\u00bbdefault\u00a0\u00bb filter_opacity=\u00a0\u00bb60%\u00a0\u00bb hover_enabled=\u00a0\u00bb0&Prime; global_colors_info=\u00a0\u00bb{}\u00a0\u00bb theme_builder_area=\u00a0\u00bbpost_content\u00a0\u00bb sticky_enabled=\u00a0\u00bb0&Prime;][\/et_pb_image][et_pb_image src=\u00a0\u00bbhttps:\/\/wedding-bymove.com\/wp-content\/uploads\/2023\/01\/0470_Maud_Venel-9855-scaled.jpg\u00a0\u00bb title_text=\u00a0\u00bb0470_Maud_Venel-9855&Prime; _builder_version=\u00a0\u00bb4.17.3&Prime; _module_preset=\u00a0\u00bbdefault\u00a0\u00bb filter_opacity=\u00a0\u00bb60%\u00a0\u00bb hover_enabled=\u00a0\u00bb0&Prime; global_colors_info=\u00a0\u00bb{}\u00a0\u00bb theme_builder_area=\u00a0\u00bbpost_content\u00a0\u00bb sticky_enabled=\u00a0\u00bb0&Prime;][\/et_pb_image][et_pb_image src=\u00a0\u00bbhttps:\/\/wedding-bymove.com\/wp-content\/uploads\/2023\/01\/0385_Maud_Venel-9539-scaled.jpg\u00a0\u00bb title_text=\u00a0\u00bb0385_Maud_Venel-9539&Prime; _builder_version=\u00a0\u00bb4.17.3&Prime; _module_preset=\u00a0\u00bbdefault\u00a0\u00bb filter_opacity=\u00a0\u00bb60%\u00a0\u00bb hover_enabled=\u00a0\u00bb0&Prime; global_colors_info=\u00a0\u00bb{}\u00a0\u00bb theme_builder_area=\u00a0\u00bbpost_content\u00a0\u00bb sticky_enabled=\u00a0\u00bb0&Prime;][\/et_pb_image][et_pb_image src=\u00a0\u00bbhttps:\/\/wedding-bymove.com\/wp-content\/uploads\/2023\/01\/0184_Maud_Venel-9050-scaled.jpg\u00a0\u00bb title_text=\u00a0\u00bb0184_Maud_Venel-9050&Prime; _builder_version=\u00a0\u00bb4.17.3&Prime; _module_preset=\u00a0\u00bbdefault\u00a0\u00bb filter_opacity=\u00a0\u00bb60%\u00a0\u00bb hover_enabled=\u00a0\u00bb0&Prime; global_colors_info=\u00a0\u00bb{}\u00a0\u00bb theme_builder_area=\u00a0\u00bbpost_content\u00a0\u00bb sticky_enabled=\u00a0\u00bb0&Prime;][\/et_pb_image][et_pb_image src=\u00a0\u00bbhttps:\/\/wedding-bymove.com\/wp-content\/uploads\/2023\/01\/Maud-Venel-6489-scaled.jpg\u00a0\u00bb title_text=\u00a0\u00bbMaud Venel-6489&Prime; _builder_version=\u00a0\u00bb4.17.3&Prime; _module_preset=\u00a0\u00bbdefault\u00a0\u00bb filter_opacity=\u00a0\u00bb60%\u00a0\u00bb hover_enabled=\u00a0\u00bb0&Prime; global_colors_info=\u00a0\u00bb{}\u00a0\u00bb theme_builder_area=\u00a0\u00bbpost_content\u00a0\u00bb sticky_enabled=\u00a0\u00bb0&Prime;][\/et_pb_image][et_pb_image src=\u00a0\u00bbhttps:\/\/wedding-bymove.com\/wp-content\/uploads\/2023\/01\/Maud-Venel-6411-scaled.jpg\u00a0\u00bb title_text=\u00a0\u00bbMaud Venel-6411&Prime; _builder_version=\u00a0\u00bb4.17.3&Prime; _module_preset=\u00a0\u00bbdefault\u00a0\u00bb filter_opacity=\u00a0\u00bb60%\u00a0\u00bb hover_enabled=\u00a0\u00bb0&Prime; global_colors_info=\u00a0\u00bb{}\u00a0\u00bb theme_builder_area=\u00a0\u00bbpost_content\u00a0\u00bb sticky_enabled=\u00a0\u00bb0&Prime;][\/et_pb_image][et_pb_image src=\u00a0\u00bbhttps:\/\/wedding-bymove.com\/wp-content\/uploads\/2023\/01\/Maud-Venel-5977-scaled.jpg\u00a0\u00bb title_text=\u00a0\u00bbMaud Venel-5977&Prime; _builder_version=\u00a0\u00bb4.17.3&Prime; _module_preset=\u00a0\u00bbdefault\u00a0\u00bb filter_opacity=\u00a0\u00bb60%\u00a0\u00bb hover_enabled=\u00a0\u00bb0&Prime; global_colors_info=\u00a0\u00bb{}\u00a0\u00bb theme_builder_area=\u00a0\u00bbpost_content\u00a0\u00bb sticky_enabled=\u00a0\u00bb0&Prime;][\/et_pb_image][et_pb_image src=\u00a0\u00bbhttps:\/\/wedding-bymove.com\/wp-content\/uploads\/2023\/01\/MarieLoic-152929-scaled.jpg\u00a0\u00bb title_text=\u00a0\u00bbMarie + Lo\u00efc\u00a0\u00bb _builder_version=\u00a0\u00bb4.17.3&Prime; _module_preset=\u00a0\u00bbdefault\u00a0\u00bb filter_opacity=\u00a0\u00bb60%\u00a0\u00bb hover_enabled=\u00a0\u00bb0&Prime; global_colors_info=\u00a0\u00bb{}\u00a0\u00bb theme_builder_area=\u00a0\u00bbpost_content\u00a0\u00bb sticky_enabled=\u00a0\u00bb0&Prime;][\/et_pb_image][et_pb_image src=\u00a0\u00bbhttps:\/\/wedding-bymove.com\/wp-content\/uploads\/2023\/01\/IMG_6057-scaled.jpg\u00a0\u00bb title_text=\u00a0\u00bbIMG_6057&Prime; _builder_version=\u00a0\u00bb4.17.3&Prime; _module_preset=\u00a0\u00bbdefault\u00a0\u00bb filter_opacity=\u00a0\u00bb60%\u00a0\u00bb hover_enabled=\u00a0\u00bb0&Prime; global_colors_info=\u00a0\u00bb{}\u00a0\u00bb theme_builder_area=\u00a0\u00bbpost_content\u00a0\u00bb sticky_enabled=\u00a0\u00bb0&Prime;][\/et_pb_image][et_pb_image src=\u00a0\u00bbhttps:\/\/wedding-bymove.com\/wp-content\/uploads\/2023\/01\/IMG_6040-scaled.jpg\u00a0\u00bb title_text=\u00a0\u00bbIMG_6040&Prime; _builder_version=\u00a0\u00bb4.17.3&Prime; _module_preset=\u00a0\u00bbdefault\u00a0\u00bb filter_opacity=\u00a0\u00bb60%\u00a0\u00bb hover_enabled=\u00a0\u00bb0&Prime; global_colors_info=\u00a0\u00bb{}\u00a0\u00bb theme_builder_area=\u00a0\u00bbpost_content\u00a0\u00bb sticky_enabled=\u00a0\u00bb0&Prime;][\/et_pb_image][et_pb_image src=\u00a0\u00bbhttps:\/\/wedding-bymove.com\/wp-content\/uploads\/2023\/01\/Gerel-photo-160.jpg\u00a0\u00bb title_text=\u00a0\u00bbGerel-photo-160&Prime; _builder_version=\u00a0\u00bb4.17.3&Prime; _module_preset=\u00a0\u00bbdefault\u00a0\u00bb filter_opacity=\u00a0\u00bb60%\u00a0\u00bb hover_enabled=\u00a0\u00bb0&Prime; global_colors_info=\u00a0\u00bb{}\u00a0\u00bb theme_builder_area=\u00a0\u00bbpost_content\u00a0\u00bb sticky_enabled=\u00a0\u00bb0&Prime;][\/et_pb_image][et_pb_image src=\u00a0\u00bbhttps:\/\/wedding-bymove.com\/wp-content\/uploads\/2023\/01\/2022-10-07_56701-scaled.jpg\u00a0\u00bb title_text=\u00a0\u00bb2022-10-07_56701&Prime; _builder_version=\u00a0\u00bb4.17.3&Prime; _module_preset=\u00a0\u00bbdefault\u00a0\u00bb filter_opacity=\u00a0\u00bb60%\u00a0\u00bb hover_enabled=\u00a0\u00bb0&Prime; global_colors_info=\u00a0\u00bb{}\u00a0\u00bb theme_builder_area=\u00a0\u00bbpost_content\u00a0\u00bb sticky_enabled=\u00a0\u00bb0&Prime;][\/et_pb_image][\/et_pb_column][\/et_pb_row][\/et_pb_section]<\/p>\n","protected":false},"excerpt":{"rendered":"<p>\u00a0ARTICLE Mariage avec ou sans enfantS ?\u00a0 BONNE QUESTIONSSEn ce d\u00e9but d\u2019ann\u00e9e, on a d\u00e9cid\u00e9 d\u2019\u00e9voquer un sujet sensible dans certaine famille : inviter\u2026 ou non les enfants au mariage. Spoiler Alert\u00a0: On ne vous dira pas, il faut ou il ne faut pas\u00a0! Chaque couple prendra sa propre d\u00e9cision. En revanche, on va vous [&hellip;]<\/p>\n","protected":false},"author":1,"featured_media":0,"comment_status":"open","ping_status":"open","sticky":false,"template":"","format":"standard","meta":{"_et_pb_use_builder":"on","_et_pb_old_content":"","_et_gb_content_width":"1080","_monsterinsights_skip_tracking":false,"_monsterinsights_sitenote_active":false,"_monsterinsights_sitenote_note":"","_monsterinsights_sitenote_category":0,"footnotes":""},"categories":[11],"tags":[],"class_list":["post-922","post","type-post","status-publish","format-standard","hentry","category-article"],"yoast_head":"<!-- This site is optimized with the Yoast SEO plugin v27.4 - https:\/\/yoast.com\/product\/yoast-seo-wordpress\/ -->\n<title>Mariage avec ou sans enfants\u00a0? - Wedding by move<\/title>\n<meta name=\"description\" content=\"Faut-il inviter\u2026 ou non les enfants au mariage. Telle est la question \u00e9voqu\u00e9e dans cet article. Avantages, inconv\u00e9nients\" \/>\n<meta name=\"robots\" content=\"index, follow, max-snippet:-1, max-image-preview:large, max-video-preview:-1\" \/>\n<link rel=\"canonical\" href=\"https:\/\/wedding-bymove.com\/index.php\/2023\/01\/11\/mariage-avec-sans-enfants\/\" \/>\n<meta property=\"og:locale\" content=\"fr_FR\" \/>\n<meta property=\"og:type\" content=\"article\" \/>\n<meta property=\"og:title\" content=\"Mariage avec ou sans enfants\u00a0? - Wedding by move\" \/>\n<meta property=\"og:description\" content=\"Faut-il inviter\u2026 ou non les enfants au mariage. Telle est la question \u00e9voqu\u00e9e dans cet article. Avantages, inconv\u00e9nients\" \/>\n<meta property=\"og:url\" content=\"https:\/\/wedding-bymove.com\/index.php\/2023\/01\/11\/mariage-avec-sans-enfants\/\" \/>\n<meta property=\"og:site_name\" content=\"Wedding by move\" \/>\n<meta property=\"article:published_time\" content=\"2023-01-11T06:20:32+00:00\" \/>\n<meta name=\"author\" content=\"admin1601\" \/>\n<meta name=\"twitter:card\" content=\"summary_large_image\" \/>\n<meta name=\"twitter:label1\" content=\"\u00c9crit par\" \/>\n\t<meta name=\"twitter:data1\" content=\"admin1601\" \/>\n\t<meta name=\"twitter:label2\" content=\"Dur\u00e9e de lecture estim\u00e9e\" \/>\n\t<meta name=\"twitter:data2\" content=\"13 minutes\" \/>\n<script type=\"application\/ld+json\" class=\"yoast-schema-graph\">{\"@context\":\"https:\\\/\\\/schema.org\",\"@graph\":[{\"@type\":\"Article\",\"@id\":\"https:\\\/\\\/wedding-bymove.com\\\/index.php\\\/2023\\\/01\\\/11\\\/mariage-avec-sans-enfants\\\/#article\",\"isPartOf\":{\"@id\":\"https:\\\/\\\/wedding-bymove.com\\\/index.php\\\/2023\\\/01\\\/11\\\/mariage-avec-sans-enfants\\\/\"},\"author\":{\"name\":\"admin1601\",\"@id\":\"https:\\\/\\\/wedding-bymove.com\\\/#\\\/schema\\\/person\\\/48bf24036444587d58d60d8c8810e267\"},\"headline\":\"Mariage avec ou sans enfants\u00a0?\",\"datePublished\":\"2023-01-11T06:20:32+00:00\",\"mainEntityOfPage\":{\"@id\":\"https:\\\/\\\/wedding-bymove.com\\\/index.php\\\/2023\\\/01\\\/11\\\/mariage-avec-sans-enfants\\\/\"},\"wordCount\":2537,\"commentCount\":0,\"publisher\":{\"@id\":\"https:\\\/\\\/wedding-bymove.com\\\/#organization\"},\"articleSection\":[\"Article\"],\"inLanguage\":\"fr-FR\",\"potentialAction\":[{\"@type\":\"CommentAction\",\"name\":\"Comment\",\"target\":[\"https:\\\/\\\/wedding-bymove.com\\\/index.php\\\/2023\\\/01\\\/11\\\/mariage-avec-sans-enfants\\\/#respond\"]}]},{\"@type\":\"WebPage\",\"@id\":\"https:\\\/\\\/wedding-bymove.com\\\/index.php\\\/2023\\\/01\\\/11\\\/mariage-avec-sans-enfants\\\/\",\"url\":\"https:\\\/\\\/wedding-bymove.com\\\/index.php\\\/2023\\\/01\\\/11\\\/mariage-avec-sans-enfants\\\/\",\"name\":\"Mariage avec ou sans enfants\u00a0? - Wedding by move\",\"isPartOf\":{\"@id\":\"https:\\\/\\\/wedding-bymove.com\\\/#website\"},\"datePublished\":\"2023-01-11T06:20:32+00:00\",\"description\":\"Faut-il inviter\u2026 ou non les enfants au mariage. Telle est la question \u00e9voqu\u00e9e dans cet article. Avantages, inconv\u00e9nients\",\"breadcrumb\":{\"@id\":\"https:\\\/\\\/wedding-bymove.com\\\/index.php\\\/2023\\\/01\\\/11\\\/mariage-avec-sans-enfants\\\/#breadcrumb\"},\"inLanguage\":\"fr-FR\",\"potentialAction\":[{\"@type\":\"ReadAction\",\"target\":[\"https:\\\/\\\/wedding-bymove.com\\\/index.php\\\/2023\\\/01\\\/11\\\/mariage-avec-sans-enfants\\\/\"]}]},{\"@type\":\"BreadcrumbList\",\"@id\":\"https:\\\/\\\/wedding-bymove.com\\\/index.php\\\/2023\\\/01\\\/11\\\/mariage-avec-sans-enfants\\\/#breadcrumb\",\"itemListElement\":[{\"@type\":\"ListItem\",\"position\":1,\"name\":\"Accueil\",\"item\":\"https:\\\/\\\/wedding-bymove.com\\\/\"},{\"@type\":\"ListItem\",\"position\":2,\"name\":\"Mariage avec ou sans enfants\u00a0?\"}]},{\"@type\":\"WebSite\",\"@id\":\"https:\\\/\\\/wedding-bymove.com\\\/#website\",\"url\":\"https:\\\/\\\/wedding-bymove.com\\\/\",\"name\":\"Wedding by move\",\"description\":\"Wedding-planner dans le Pays de gex\",\"publisher\":{\"@id\":\"https:\\\/\\\/wedding-bymove.com\\\/#organization\"},\"potentialAction\":[{\"@type\":\"SearchAction\",\"target\":{\"@type\":\"EntryPoint\",\"urlTemplate\":\"https:\\\/\\\/wedding-bymove.com\\\/?s={search_term_string}\"},\"query-input\":{\"@type\":\"PropertyValueSpecification\",\"valueRequired\":true,\"valueName\":\"search_term_string\"}}],\"inLanguage\":\"fr-FR\"},{\"@type\":\"Organization\",\"@id\":\"https:\\\/\\\/wedding-bymove.com\\\/#organization\",\"name\":\"Move Evenements\",\"url\":\"https:\\\/\\\/wedding-bymove.com\\\/\",\"logo\":{\"@type\":\"ImageObject\",\"inLanguage\":\"fr-FR\",\"@id\":\"https:\\\/\\\/wedding-bymove.com\\\/#\\\/schema\\\/logo\\\/image\\\/\",\"url\":\"https:\\\/\\\/wedding-bymove.com\\\/wp-content\\\/uploads\\\/2021\\\/02\\\/W-Logo-rose-fond-transparent-840-500.png\",\"contentUrl\":\"https:\\\/\\\/wedding-bymove.com\\\/wp-content\\\/uploads\\\/2021\\\/02\\\/W-Logo-rose-fond-transparent-840-500.png\",\"width\":597,\"height\":209,\"caption\":\"Move Evenements\"},\"image\":{\"@id\":\"https:\\\/\\\/wedding-bymove.com\\\/#\\\/schema\\\/logo\\\/image\\\/\"}},{\"@type\":\"Person\",\"@id\":\"https:\\\/\\\/wedding-bymove.com\\\/#\\\/schema\\\/person\\\/48bf24036444587d58d60d8c8810e267\",\"name\":\"admin1601\",\"image\":{\"@type\":\"ImageObject\",\"inLanguage\":\"fr-FR\",\"@id\":\"https:\\\/\\\/secure.gravatar.com\\\/avatar\\\/5235f6e32830bb9abbf6f937c37173dee7ceef04a0da4499bd570c9080e56ffe?s=96&d=mm&r=g\",\"url\":\"https:\\\/\\\/secure.gravatar.com\\\/avatar\\\/5235f6e32830bb9abbf6f937c37173dee7ceef04a0da4499bd570c9080e56ffe?s=96&d=mm&r=g\",\"contentUrl\":\"https:\\\/\\\/secure.gravatar.com\\\/avatar\\\/5235f6e32830bb9abbf6f937c37173dee7ceef04a0da4499bd570c9080e56ffe?s=96&d=mm&r=g\",\"caption\":\"admin1601\"},\"sameAs\":[\"http:\\\/\\\/wedding-bymove.com\"],\"url\":\"https:\\\/\\\/wedding-bymove.com\\\/index.php\\\/author\\\/admin1601\\\/\"}]}<\/script>\n<!-- \/ Yoast SEO plugin. -->","yoast_head_json":{"title":"Mariage avec ou sans enfants\u00a0? - Wedding by move","description":"Faut-il inviter\u2026 ou non les enfants au mariage. Telle est la question \u00e9voqu\u00e9e dans cet article. Avantages, inconv\u00e9nients","robots":{"index":"index","follow":"follow","max-snippet":"max-snippet:-1","max-image-preview":"max-image-preview:large","max-video-preview":"max-video-preview:-1"},"canonical":"https:\/\/wedding-bymove.com\/index.php\/2023\/01\/11\/mariage-avec-sans-enfants\/","og_locale":"fr_FR","og_type":"article","og_title":"Mariage avec ou sans enfants\u00a0? - Wedding by move","og_description":"Faut-il inviter\u2026 ou non les enfants au mariage. Telle est la question \u00e9voqu\u00e9e dans cet article. Avantages, inconv\u00e9nients","og_url":"https:\/\/wedding-bymove.com\/index.php\/2023\/01\/11\/mariage-avec-sans-enfants\/","og_site_name":"Wedding by move","article_published_time":"2023-01-11T06:20:32+00:00","author":"admin1601","twitter_card":"summary_large_image","twitter_misc":{"\u00c9crit par":"admin1601","Dur\u00e9e de lecture estim\u00e9e":"13 minutes"},"schema":{"@context":"https:\/\/schema.org","@graph":[{"@type":"Article","@id":"https:\/\/wedding-bymove.com\/index.php\/2023\/01\/11\/mariage-avec-sans-enfants\/#article","isPartOf":{"@id":"https:\/\/wedding-bymove.com\/index.php\/2023\/01\/11\/mariage-avec-sans-enfants\/"},"author":{"name":"admin1601","@id":"https:\/\/wedding-bymove.com\/#\/schema\/person\/48bf24036444587d58d60d8c8810e267"},"headline":"Mariage avec ou sans enfants\u00a0?","datePublished":"2023-01-11T06:20:32+00:00","mainEntityOfPage":{"@id":"https:\/\/wedding-bymove.com\/index.php\/2023\/01\/11\/mariage-avec-sans-enfants\/"},"wordCount":2537,"commentCount":0,"publisher":{"@id":"https:\/\/wedding-bymove.com\/#organization"},"articleSection":["Article"],"inLanguage":"fr-FR","potentialAction":[{"@type":"CommentAction","name":"Comment","target":["https:\/\/wedding-bymove.com\/index.php\/2023\/01\/11\/mariage-avec-sans-enfants\/#respond"]}]},{"@type":"WebPage","@id":"https:\/\/wedding-bymove.com\/index.php\/2023\/01\/11\/mariage-avec-sans-enfants\/","url":"https:\/\/wedding-bymove.com\/index.php\/2023\/01\/11\/mariage-avec-sans-enfants\/","name":"Mariage avec ou sans enfants\u00a0? - Wedding by move","isPartOf":{"@id":"https:\/\/wedding-bymove.com\/#website"},"datePublished":"2023-01-11T06:20:32+00:00","description":"Faut-il inviter\u2026 ou non les enfants au mariage. Telle est la question \u00e9voqu\u00e9e dans cet article. Avantages, inconv\u00e9nients","breadcrumb":{"@id":"https:\/\/wedding-bymove.com\/index.php\/2023\/01\/11\/mariage-avec-sans-enfants\/#breadcrumb"},"inLanguage":"fr-FR","potentialAction":[{"@type":"ReadAction","target":["https:\/\/wedding-bymove.com\/index.php\/2023\/01\/11\/mariage-avec-sans-enfants\/"]}]},{"@type":"BreadcrumbList","@id":"https:\/\/wedding-bymove.com\/index.php\/2023\/01\/11\/mariage-avec-sans-enfants\/#breadcrumb","itemListElement":[{"@type":"ListItem","position":1,"name":"Accueil","item":"https:\/\/wedding-bymove.com\/"},{"@type":"ListItem","position":2,"name":"Mariage avec ou sans enfants\u00a0?"}]},{"@type":"WebSite","@id":"https:\/\/wedding-bymove.com\/#website","url":"https:\/\/wedding-bymove.com\/","name":"Wedding by move","description":"Wedding-planner dans le Pays de gex","publisher":{"@id":"https:\/\/wedding-bymove.com\/#organization"},"potentialAction":[{"@type":"SearchAction","target":{"@type":"EntryPoint","urlTemplate":"https:\/\/wedding-bymove.com\/?s={search_term_string}"},"query-input":{"@type":"PropertyValueSpecification","valueRequired":true,"valueName":"search_term_string"}}],"inLanguage":"fr-FR"},{"@type":"Organization","@id":"https:\/\/wedding-bymove.com\/#organization","name":"Move Evenements","url":"https:\/\/wedding-bymove.com\/","logo":{"@type":"ImageObject","inLanguage":"fr-FR","@id":"https:\/\/wedding-bymove.com\/#\/schema\/logo\/image\/","url":"https:\/\/wedding-bymove.com\/wp-content\/uploads\/2021\/02\/W-Logo-rose-fond-transparent-840-500.png","contentUrl":"https:\/\/wedding-bymove.com\/wp-content\/uploads\/2021\/02\/W-Logo-rose-fond-transparent-840-500.png","width":597,"height":209,"caption":"Move Evenements"},"image":{"@id":"https:\/\/wedding-bymove.com\/#\/schema\/logo\/image\/"}},{"@type":"Person","@id":"https:\/\/wedding-bymove.com\/#\/schema\/person\/48bf24036444587d58d60d8c8810e267","name":"admin1601","image":{"@type":"ImageObject","inLanguage":"fr-FR","@id":"https:\/\/secure.gravatar.com\/avatar\/5235f6e32830bb9abbf6f937c37173dee7ceef04a0da4499bd570c9080e56ffe?s=96&d=mm&r=g","url":"https:\/\/secure.gravatar.com\/avatar\/5235f6e32830bb9abbf6f937c37173dee7ceef04a0da4499bd570c9080e56ffe?s=96&d=mm&r=g","contentUrl":"https:\/\/secure.gravatar.com\/avatar\/5235f6e32830bb9abbf6f937c37173dee7ceef04a0da4499bd570c9080e56ffe?s=96&d=mm&r=g","caption":"admin1601"},"sameAs":["http:\/\/wedding-bymove.com"],"url":"https:\/\/wedding-bymove.com\/index.php\/author\/admin1601\/"}]}},"_links":{"self":[{"href":"https:\/\/wedding-bymove.com\/index.php\/wp-json\/wp\/v2\/posts\/922","targetHints":{"allow":["GET"]}}],"collection":[{"href":"https:\/\/wedding-bymove.com\/index.php\/wp-json\/wp\/v2\/posts"}],"about":[{"href":"https:\/\/wedding-bymove.com\/index.php\/wp-json\/wp\/v2\/types\/post"}],"author":[{"embeddable":true,"href":"https:\/\/wedding-bymove.com\/index.php\/wp-json\/wp\/v2\/users\/1"}],"replies":[{"embeddable":true,"href":"https:\/\/wedding-bymove.com\/index.php\/wp-json\/wp\/v2\/comments?post=922"}],"version-history":[{"count":3,"href":"https:\/\/wedding-bymove.com\/index.php\/wp-json\/wp\/v2\/posts\/922\/revisions"}],"predecessor-version":[{"id":943,"href":"https:\/\/wedding-bymove.com\/index.php\/wp-json\/wp\/v2\/posts\/922\/revisions\/943"}],"wp:attachment":[{"href":"https:\/\/wedding-bymove.com\/index.php\/wp-json\/wp\/v2\/media?parent=922"}],"wp:term":[{"taxonomy":"category","embeddable":true,"href":"https:\/\/wedding-bymove.com\/index.php\/wp-json\/wp\/v2\/categories?post=922"},{"taxonomy":"post_tag","embeddable":true,"href":"https:\/\/wedding-bymove.com\/index.php\/wp-json\/wp\/v2\/tags?post=922"}],"curies":[{"name":"wp","href":"https:\/\/api.w.org\/{rel}","templated":true}]}}