{"id":1507,"date":"2025-05-28T09:07:49","date_gmt":"2025-05-28T07:07:49","guid":{"rendered":"https:\/\/wedding-bymove.com\/?p=1507"},"modified":"2025-05-28T09:07:49","modified_gmt":"2025-05-28T07:07:49","slug":"mariage-avec-sans-enfants-faire-le-bon-choix","status":"publish","type":"post","link":"https:\/\/wedding-bymove.com\/index.php\/2025\/05\/28\/mariage-avec-sans-enfants-faire-le-bon-choix\/","title":{"rendered":"Mariage avec ou sans enfants : comment faire le bon choix pour votre grand jour ?"},"content":{"rendered":"<p>[et_pb_section fb_built=\u00a0\u00bb1&Prime; custom_padding_last_edited=\u00a0\u00bbon|tablet\u00a0\u00bb admin_label=\u00a0\u00bbHero\u00a0\u00bb _builder_version=\u00a0\u00bb4.16&Prime; use_background_color_gradient=\u00a0\u00bbon\u00a0\u00bb background_color_gradient_direction=\u00a0\u00bb90deg\u00a0\u00bb background_color_gradient_stops=\u00a0\u00bb#F0EDEE 65%|#F9F6F5 65%\u00a0\u00bb background_color_gradient_start=\u00a0\u00bb#F0EDEE\u00a0\u00bb background_color_gradient_start_position=\u00a0\u00bb65%\u00a0\u00bb background_color_gradient_end=\u00a0\u00bb#F9F6F5&Prime; background_color_gradient_end_position=\u00a0\u00bb0%\u00a0\u00bb background_size=\u00a0\u00bbinitial\u00a0\u00bb background_position=\u00a0\u00bbtop_left\u00a0\u00bb background_repeat=\u00a0\u00bbrepeat\u00a0\u00bb custom_margin=\u00a0\u00bb|||\u00a0\u00bb custom_padding=\u00a0\u00bb6vw|0px|0px|0px|false|false\u00a0\u00bb custom_padding_tablet=\u00a0\u00bb0vw|||\u00a0\u00bb custom_padding_phone=\u00a0\u00bb\u00a0\u00bb locked=\u00a0\u00bboff\u00a0\u00bb global_colors_info=\u00a0\u00bb{}\u00a0\u00bb][et_pb_row column_structure=\u00a0\u00bb1_2,1_2&Prime; make_equal=\u00a0\u00bbon\u00a0\u00bb disabled_on=\u00a0\u00bboff|off|off\u00a0\u00bb _builder_version=\u00a0\u00bb4.27.2&Prime; width=\u00a0\u00bb100%\u00a0\u00bb max_width=\u00a0\u00bb100%\u00a0\u00bb custom_padding=\u00a0\u00bb0px|0px|0px|0px|true|true\u00a0\u00bb use_custom_width=\u00a0\u00bbon\u00a0\u00bb width_unit=\u00a0\u00bboff\u00a0\u00bb custom_width_percent=\u00a0\u00bb100%\u00a0\u00bb global_colors_info=\u00a0\u00bb{}\u00a0\u00bb][et_pb_column type=\u00a0\u00bb1_2&Prime; _builder_version=\u00a0\u00bb4.27.2&Prime; use_background_color_gradient=\u00a0\u00bbon\u00a0\u00bb background_color_gradient_direction=\u00a0\u00bb30deg\u00a0\u00bb background_color_gradient_stops=\u00a0\u00bbrgba(222,213,216,0.1) 0%|rgba(222,213,216,0.7) 100%\u00a0\u00bb background_color_gradient_overlays_image=\u00a0\u00bbon\u00a0\u00bb background_color_gradient_start=\u00a0\u00bbrgba(222,213,216,0.1)\u00a0\u00bb background_color_gradient_end=\u00a0\u00bbrgba(222,213,216,0.7)\u00a0\u00bb background_image=\u00a0\u00bbhttps:\/\/wedding-bymove.com\/wp-content\/uploads\/2025\/05\/Marie-Labe-2022-10-07_56734.jpg\u00a0\u00bb custom_padding=\u00a0\u00bb|||\u00a0\u00bb global_colors_info=\u00a0\u00bb{}\u00a0\u00bb custom_padding__hover=\u00a0\u00bb|||\u00a0\u00bb][et_pb_divider show_divider=\u00a0\u00bboff\u00a0\u00bb _builder_version=\u00a0\u00bb4.16&Prime; height=\u00a0\u00bb20vw\u00a0\u00bb global_colors_info=\u00a0\u00bb{}\u00a0\u00bb][\/et_pb_divider][\/et_pb_column][et_pb_column type=\u00a0\u00bb1_2&Prime; _builder_version=\u00a0\u00bb4.16&Prime; custom_padding=\u00a0\u00bb10vw||10vw|\u00a0\u00bb custom_padding_tablet=\u00a0\u00bb|10%||10%||true\u00a0\u00bb custom_padding_phone=\u00a0\u00bb\u00a0\u00bb custom_padding_last_edited=\u00a0\u00bbon|tablet\u00a0\u00bb global_colors_info=\u00a0\u00bb{}\u00a0\u00bb padding_tablet=\u00a0\u00bb|10%||10%||true\u00a0\u00bb padding_last_edited=\u00a0\u00bbon|tablet\u00a0\u00bb custom_padding__hover=\u00a0\u00bb|||\u00a0\u00bb padding_phone=\u00a0\u00bb|10%||10%||true\u00a0\u00bb][et_pb_text disabled_on=\u00a0\u00bbon|on|off\u00a0\u00bb _builder_version=\u00a0\u00bb4.27.2&Prime; text_font=\u00a0\u00bb||||||||\u00a0\u00bb text_font_size=\u00a0\u00bb16px\u00a0\u00bb text_line_height=\u00a0\u00bb2em\u00a0\u00bb header_font=\u00a0\u00bbOswald|500||on|||||\u00a0\u00bb header_font_size=\u00a0\u00bb6vw\u00a0\u00bb header_letter_spacing=\u00a0\u00bb0.05em\u00a0\u00bb header_line_height=\u00a0\u00bb1.2em\u00a0\u00bb header_5_font=\u00a0\u00bbRoboto|700||on|||||\u00a0\u00bb header_5_text_color=\u00a0\u00bb#898ea2&Prime; header_5_font_size=\u00a0\u00bb26px\u00a0\u00bb header_5_letter_spacing=\u00a0\u00bb10px\u00a0\u00bb header_5_line_height=\u00a0\u00bb1.4em\u00a0\u00bb header_6_font=\u00a0\u00bbRoboto|700||on|||||\u00a0\u00bb header_6_text_color=\u00a0\u00bb#d39b86&Prime; header_6_font_size=\u00a0\u00bb16px\u00a0\u00bb header_6_letter_spacing=\u00a0\u00bb5px\u00a0\u00bb header_6_line_height=\u00a0\u00bb1.5em\u00a0\u00bb text_orientation=\u00a0\u00bbright\u00a0\u00bb width=\u00a0\u00bb176.4%\u00a0\u00bb custom_margin=\u00a0\u00bb|10vw||-20vw\u00a0\u00bb custom_margin_tablet=\u00a0\u00bb|0%||0%||true\u00a0\u00bb custom_margin_phone=\u00a0\u00bb|||\u00a0\u00bb custom_margin_last_edited=\u00a0\u00bbon|phone\u00a0\u00bb custom_padding=\u00a0\u00bb|0px||||\u00a0\u00bb custom_padding_last_edited=\u00a0\u00bboff|desktop\u00a0\u00bb animation_style=\u00a0\u00bbslide\u00a0\u00bb animation_direction=\u00a0\u00bbleft\u00a0\u00bb animation_intensity_slide=\u00a0\u00bb2%\u00a0\u00bb header_font_size_tablet=\u00a0\u00bb70px\u00a0\u00bb header_font_size_phone=\u00a0\u00bb40px\u00a0\u00bb header_font_size_last_edited=\u00a0\u00bbon|phone\u00a0\u00bb header_line_height_tablet=\u00a0\u00bb\u00a0\u00bb header_line_height_phone=\u00a0\u00bb1.5em\u00a0\u00bb header_line_height_last_edited=\u00a0\u00bbon|phone\u00a0\u00bb header_5_font_size_tablet=\u00a0\u00bb\u00a0\u00bb header_5_font_size_phone=\u00a0\u00bb18px\u00a0\u00bb header_5_font_size_last_edited=\u00a0\u00bbon|phone\u00a0\u00bb locked=\u00a0\u00bboff\u00a0\u00bb global_colors_info=\u00a0\u00bb{}\u00a0\u00bb]<\/p>\n<h5>\u00a0ARTICLE<\/h5>\n<h1><span style=\"font-size: 149.76px;\">\u00a0Mariage avec ou sans enfants\u00a0<\/span><span style=\"font-size: 149.76px;\"><\/span><\/h1>\n<p><span style=\"font-size: 149.76px;\"><\/span><\/p>\n<h6>Comment faire le bon choix ?<\/h6>\n<p>[\/et_pb_text][\/et_pb_column][\/et_pb_row][\/et_pb_section][et_pb_section fb_built=\u00a0\u00bb1&Prime; custom_padding_last_edited=\u00a0\u00bboff|desktop\u00a0\u00bb admin_label=\u00a0\u00bbAbout Me\u00a0\u00bb _builder_version=\u00a0\u00bb4.16&Prime; use_background_color_gradient=\u00a0\u00bbon\u00a0\u00bb background_color_gradient_direction=\u00a0\u00bb90deg\u00a0\u00bb background_color_gradient_stops=\u00a0\u00bbrgba(240,237,238,0) 75%|#F9F6F5 75%\u00a0\u00bb background_color_gradient_start=\u00a0\u00bbrgba(240,237,238,0)\u00a0\u00bb background_color_gradient_start_position=\u00a0\u00bb75%\u00a0\u00bb background_color_gradient_end=\u00a0\u00bb#F9F6F5&Prime; background_color_gradient_end_position=\u00a0\u00bb0%\u00a0\u00bb background_image=\u00a0\u00bbhttps:\/\/wedding-bymove.com\/wp-content\/uploads\/2021\/02\/divider.png\u00a0\u00bb background_size=\u00a0\u00bbinitial\u00a0\u00bb background_position=\u00a0\u00bbtop_left\u00a0\u00bb background_repeat=\u00a0\u00bbrepeat\u00a0\u00bb custom_margin=\u00a0\u00bb|||\u00a0\u00bb custom_padding=\u00a0\u00bb23px||6px|||\u00a0\u00bb custom_padding_tablet=\u00a0\u00bb0vw|||\u00a0\u00bb animation_style=\u00a0\u00bbslide\u00a0\u00bb animation_direction=\u00a0\u00bbright\u00a0\u00bb animation_intensity_slide=\u00a0\u00bb2%\u00a0\u00bb locked=\u00a0\u00bboff\u00a0\u00bb global_colors_info=\u00a0\u00bb{}\u00a0\u00bb][et_pb_row column_structure=\u00a0\u00bb3_4,1_4&Prime; _builder_version=\u00a0\u00bb4.16&Prime; custom_padding=\u00a0\u00bb|||\u00a0\u00bb global_colors_info=\u00a0\u00bb{}\u00a0\u00bb][et_pb_column type=\u00a0\u00bb3_4&Prime; _builder_version=\u00a0\u00bb4.16&Prime; custom_padding=\u00a0\u00bb|||\u00a0\u00bb custom_padding_tablet=\u00a0\u00bb|10%||10%||true\u00a0\u00bb custom_padding_phone=\u00a0\u00bb|||\u00a0\u00bb custom_padding_last_edited=\u00a0\u00bboff|desktop\u00a0\u00bb global_colors_info=\u00a0\u00bb{}\u00a0\u00bb padding_phone=\u00a0\u00bb|||\u00a0\u00bb padding_tablet=\u00a0\u00bb|10%||10%||true\u00a0\u00bb padding_last_edited=\u00a0\u00bboff|desktop\u00a0\u00bb custom_padding__hover=\u00a0\u00bb|||\u00a0\u00bb][et_pb_text _builder_version=\u00a0\u00bb4.27.2&Prime; text_font=\u00a0\u00bb||||||||\u00a0\u00bb text_font_size=\u00a0\u00bb16px\u00a0\u00bb text_line_height=\u00a0\u00bb2em\u00a0\u00bb header_font=\u00a0\u00bb||||||||\u00a0\u00bb header_2_font=\u00a0\u00bbOswald|||on|||||\u00a0\u00bb header_2_line_height=\u00a0\u00bb1.5em\u00a0\u00bb header_4_font=\u00a0\u00bb||||||||\u00a0\u00bb custom_margin=\u00a0\u00bb|||\u00a0\u00bb custom_padding=\u00a0\u00bb||0px|||\u00a0\u00bb inline_fonts=\u00a0\u00bbJosefin Sans\u00a0\u00bb global_colors_info=\u00a0\u00bb{}\u00a0\u00bb]<\/p>\n<p>Vous vous demandez si vous devez inviter ou non les enfants \u00e0 votre mariage ? Bonne question ! En tant que wedding planner exp\u00e9riment\u00e9 (et un peu humoriste en chef), je vais vous aider \u00e0 y voir plus clair. Pas de jugement ici, juste du bon sens et quelques astuces pour que votre f\u00eate soit un succ\u00e8s, quel que soit votre choix !<\/p>\n<h2>Pourquoi se poser la question du mariage avec ou sans enfants ?<\/h2>\n<p>En fait, cette question ne se pose pas toujours\u2026 Si vous \u00eates un jeune couple de 25 ans, entre amis sans enfants, la r\u00e9ponse est souvent claire : pas besoin d\u2019inviter les petites t\u00eates blondes puisqu\u2019il n\u2019y en a pas\u00a0! C\u2019est simple, \u00e7a n\u2019impacte pas vraiment votre organisation.<\/p>\n<p>Mais si vous avez d\u00e9j\u00e0 des enfants ou si vos invit\u00e9s en ont, la donne change. Voici quelques sc\u00e9narios pour vous aider \u00e0 r\u00e9fl\u00e9chir :<\/p>\n<h3>Les futurs mari\u00e9s ont des enfants<\/h3>\n<ul>\n<li>Vous souhaitez que vos petits bouts soient de la partie, comme petits h\u00e9ros de la journ\u00e9e.<\/li>\n<li>OU vos merveilles du monde seront bien s\u00fbr l\u00e0 mais les autres invit\u00e9s sont pri\u00e9s de laisser leur prog\u00e9niture avec la nounou\u00a0! ATTENTION SUJET SENSIBLE<\/li>\n<\/ul>\n<h3>Les futurs mari\u00e9s n\u2019ont pas d\u2019enfants<\/h3>\n<ul>\n<li>Tout le monde est bienvenu, petits et grands, pour une f\u00eate familiale.<\/li>\n<li>Ou vous avez d\u00e9cid\u00e9 que seuls les adultes pourront profiter de la f\u00eate, parce que vous voulez une ambiance pos\u00e9e et que la s\u00e9curit\u00e9 des enfants n\u2019est pas assur\u00e9e dans le lieu choisi.<\/li>\n<\/ul>\n<h3>Le lieu du mariage est adapt\u00e9 aux enfants<\/h3>\n<ul>\n<li>Si vous avez un espace s\u00e9curis\u00e9 avec des jeux, des animations et des nounous, alors oui, invitez les bambins ! La f\u00eate peut alors \u00eatre aussi joyeuse pour eux que pour les grands.<\/li>\n<li>En revanche, si votre mariage se d\u00e9roule en pleine nature, sur une plage ou dans un lieu difficile \u00e0 s\u00e9curiser, mieux vaut laisser les petits chez mamie.<\/li>\n<\/ul>\n<ol><\/ol>\n<p>Les raisons derri\u00e8re ces choix peuvent parfois sembler un peu strictes, mais elles visent surtout \u00e0 garantir la bonne ambiance et votre tranquillit\u00e9. Apr\u00e8s tout, il faut que cette journ\u00e9e reste un souvenir magique, pas un \u00e9pisode des \u00ab Petits Mousses en Folie \u00bb (m\u00eame si on adore les petits h\u00e9ros).<\/p>\n<p>En tant qu\u2019invit\u00e9s, si vous avez des enfants, vous avez deux options\u00a0: comprendre et accepter la d\u00e9cision des mari\u00e9s OU tout simplement de ne pas venir. Inutile de leur faire remarquer que leur id\u00e9e est saugrenue\u00a0! Sachez que ce choix est m\u00fbrement r\u00e9fl\u00e9chi en amont de l\u2019envoi de l\u2019invitation. Les futurs mari\u00e9s se font parfois m\u00eame des n\u0153uds au cerveau en imaginant la r\u00e9action de tel cousin ou de telle amie\u00a0!\u00a0<\/p>\n<h2>Les avantages et inconv\u00e9nients d\u2019un mariage avec enfants<\/h2>\n<h3>Avantages :<\/h3>\n<ul>\n<li>La mignonnerie \u00e0 l\u2019\u00e9tat pur : voir votre ni\u00e8ce faire des grimaces ou un petit page maladroit qui porte les alliances, c\u2019est adorable et \u00e7a fait fondre tout le monde.<\/li>\n<li>La f\u00eate en mode famille : les enfants qui investissent la piste de danse avec enthousiasme, \u00e7a donne une ambiance joyeuse et d\u00e9cal\u00e9e.<\/li>\n<li>Des copains pour les enfants des mari\u00e9s : si vous avez vous-m\u00eames des enfants, ils seront les premiers \u00e0 jouer ensemble, laissant papa et maman profiter de leur soir\u00e9e.<\/li>\n<\/ul>\n<h3>Inconv\u00e9nients :<\/h3>\n<ul>\n<li>Le co\u00fbt : pr\u00e9voir des animateurs, des baby-sitters ou des activit\u00e9s adapt\u00e9es, \u00e7a peut vite faire grimper la facture.<\/li>\n<li>La gestion : il faut parfois jongler entre les caprices, les siestes et les temp\u00eates \u00e9motionnelles \ud83d\ude0a\u2026 et ne pas oublier que les enfants ne respectent pas toujours le timing pr\u00e9vu.<\/li>\n<li>La s\u00e9curit\u00e9 : si le lieu n\u2019est pas s\u00e9curis\u00e9 (plan d\u2019eau, pas de barri\u00e8re, parking non cl\u00f4tur\u00e9, etc\u2026), mieux vaut laisser les petits en week-end chez papi et mamie.<\/li>\n<\/ul>\n<h2>Les avantages et inconv\u00e9nients d\u2019un mariage sans enfant<\/h2>\n<h3>Avantages :<\/h3>\n<ul>\n<li>Plus de libert\u00e9 pour profiter pleinement de la soir\u00e9e, danser jusqu\u2019au bout de la nuit, et trinquer sans souci.<\/li>\n<li>Pas besoin de pr\u00e9voir des animations ou des babysitters. La f\u00eate peut alors devenir un vrai moment de d\u00e9tente pour tous.<\/li>\n<li>Budget all\u00e9g\u00e9 : pas de d\u00e9penses pour la garde d\u2019enfants ou animations sp\u00e9cifiques.<\/li>\n<\/ul>\n<h3>Inconv\u00e9nients :<\/h3>\n<ul>\n<li>Certains invit\u00e9s pourraient \u00eatre d\u00e9\u00e7us ou se sentir un peu exclus. Et puis d\u2019un point de vue organisationnel, il faut trouver une personne qui peut garder les petits monstres \u2026. Euh anges, tout le week-end. Mission qui peut s\u2019av\u00e9rer difficile si vous \u00eates de la famille proche et que vos nounous habituelles (papi mamie, tata etc\u2026) sont aussi invit\u00e9es au mariage\u00a0!<\/li>\n<li>Si les enfants des mari\u00e9s sont invit\u00e9s, ils pourraient se sentir un peu seuls ou un peu perdus dans cette grande f\u00eate sans leurs copains\/copines\/cousins\/cousines\u2026.<\/li>\n<li>Un budget nounou qui peut co\u00fbter cher aux invit\u00e9s\u2026 et oui, si les mari\u00e9s ne paient pas les babysitters, ce sera aux parents de le faire.<\/li>\n<\/ul>\n<p>Une alternative sympa et pratique : inviter les enfants\u2026 mais uniquement pour le vin d\u2019honneur ! Ainsi, vos invit\u00e9s avec des bambins peuvent profiter de la c\u00e9r\u00e9monie et du cocktail, puis rentrer \u00e0 la maison ou chez leurs grands-parents pour une bonne nuit de sommeil. C\u2019est une solution gagnant-gagnant : pas de souci pour la s\u00e9curit\u00e9, et tout le monde profite pleinement de la soir\u00e9e. Evidemment, cela n\u2019est possible que si les invit\u00e9s habitent \u00e0 proximit\u00e9 du lieu de r\u00e9ception\u2026<\/p>\n<p>&nbsp;<\/p>\n<p>En r\u00e9sum\u00e9 : il n\u2019y a pas de r\u00e8gle universelle. Le plus important, c\u2019est que votre choix soit coh\u00e9rent avec votre vision du mariage, votre budget et la s\u00e9curit\u00e9 de tous. Et surtout, n\u2019oubliez pas : votre f\u00eate doit refl\u00e9ter votre bonheur, pas un casse-t\u00eate logistique !<\/p>\n<p>&nbsp;<\/p>\n<p>Et si vous avez encore un doute, n\u2019h\u00e9sitez pas \u00e0 demander l\u2019avis de vos proches ou de votre wedding planner pr\u00e9f\u00e9r\u00e9 (je suis l\u00e0 pour \u00e7a !). Apr\u00e8s tout, l\u2019essentiel, c\u2019est que cette journ\u00e9e reste grav\u00e9e dans votre m\u00e9moire comme un moment magique, \u00e0 votre image.<\/p>\n<p>Pr\u00eat \u00e0 organiser le mariage parfait, avec ou sans enfants ? Contactez-moi et faisons de votre r\u00eave une r\u00e9alit\u00e9, avec le sourire et un peu d\u2019humour en prime !<\/p>\n<p>&nbsp;<\/p>\n<p>Cr\u00e9dit photos : Maud Venel photographie, Gerel photos, La Perle Photographie, Marie Labe, Sandra Lacroix photographie, CCarre-Photographie, Alain Grivel, Coco Egia, Fred Marrapodi<\/p>\n<p>&nbsp;<\/p>\n<p>[\/et_pb_text][et_pb_text _builder_version=\u00a0\u00bb4.16&Prime; text_font=\u00a0\u00bb||||||||\u00a0\u00bb text_font_size=\u00a0\u00bb16px\u00a0\u00bb text_line_height=\u00a0\u00bb2em\u00a0\u00bb header_font=\u00a0\u00bb||||||||\u00a0\u00bb header_2_font=\u00a0\u00bbOswald|||on|||||\u00a0\u00bb header_2_line_height=\u00a0\u00bb1.5em\u00a0\u00bb header_4_font=\u00a0\u00bb||||||||\u00a0\u00bb custom_margin=\u00a0\u00bb|||\u00a0\u00bb global_colors_info=\u00a0\u00bb{}\u00a0\u00bb][\/et_pb_text][\/et_pb_column][et_pb_column type=\u00a0\u00bb1_4&Prime; _builder_version=\u00a0\u00bb4.16&Prime; custom_padding=\u00a0\u00bb|||\u00a0\u00bb custom_padding_tablet=\u00a0\u00bb|10%||10%||true\u00a0\u00bb custom_padding_phone=\u00a0\u00bb|||\u00a0\u00bb custom_padding_last_edited=\u00a0\u00bboff|desktop\u00a0\u00bb global_colors_info=\u00a0\u00bb{}\u00a0\u00bb padding_phone=\u00a0\u00bb|||\u00a0\u00bb padding_tablet=\u00a0\u00bb|10%||10%||true\u00a0\u00bb padding_last_edited=\u00a0\u00bboff|desktop\u00a0\u00bb custom_padding__hover=\u00a0\u00bb|||\u00a0\u00bb][et_pb_image src=\u00a0\u00bbhttps:\/\/wedding-bymove.com\/wp-content\/uploads\/2025\/05\/0358_Maud_Venel-9448-scaled.jpg\u00a0\u00bb alt=\u00a0\u00bbMariage avec beaucoup d&rsquo;enfants\u00a0\u00bb title_text=\u00a0\u00bb0358_Maud_Venel-9448&Prime; _builder_version=\u00a0\u00bb4.27.2&Prime; _module_preset=\u00a0\u00bbdefault\u00a0\u00bb filter_opacity=\u00a0\u00bb60%\u00a0\u00bb global_colors_info=\u00a0\u00bb{}\u00a0\u00bb][\/et_pb_image][et_pb_image src=\u00a0\u00bbhttps:\/\/wedding-bymove.com\/wp-content\/uploads\/2025\/05\/0461_Maud_Venel-88-2_WEB.jpg\u00a0\u00bb alt=\u00a0\u00bbEnfants jouant pendant le vin d&rsquo;honneur\u00a0\u00bb title_text=\u00a0\u00bb0461_Maud_Venel-88-2_WEB\u00a0\u00bb _builder_version=\u00a0\u00bb4.27.2&Prime; _module_preset=\u00a0\u00bbdefault\u00a0\u00bb filter_opacity=\u00a0\u00bb60%\u00a0\u00bb global_colors_info=\u00a0\u00bb{}\u00a0\u00bb][\/et_pb_image][et_pb_image src=\u00a0\u00bbhttps:\/\/wedding-bymove.com\/wp-content\/uploads\/2025\/05\/Alain-Grivel-2022.09.14-scaled.jpg\u00a0\u00bb alt=\u00a0\u00bbEnfants lan\u00e7ant des fleurs avant la c\u00e9r\u00e9monie la\u00efque\u00a0\u00bb title_text=\u00a0\u00bbAlain Grivel 2022.09.14&Prime; _builder_version=\u00a0\u00bb4.27.2&Prime; _module_preset=\u00a0\u00bbdefault\u00a0\u00bb filter_opacity=\u00a0\u00bb60%\u00a0\u00bb global_colors_info=\u00a0\u00bb{}\u00a0\u00bb][\/et_pb_image][et_pb_image src=\u00a0\u00bbhttps:\/\/wedding-bymove.com\/wp-content\/uploads\/2025\/05\/Angele-Pellise-2024.08.10.jpg\u00a0\u00bb alt=\u00a0\u00bbLes mari\u00e9s et leurs enfants\u00a0\u00bb title_text=\u00a0\u00bbMariage Laura et Arthur\u00a0\u00bb _builder_version=\u00a0\u00bb4.27.2&Prime; _module_preset=\u00a0\u00bbdefault\u00a0\u00bb filter_opacity=\u00a0\u00bb60%\u00a0\u00bb global_colors_info=\u00a0\u00bb{}\u00a0\u00bb][\/et_pb_image][et_pb_image src=\u00a0\u00bbhttps:\/\/wedding-bymove.com\/wp-content\/uploads\/2025\/04\/CCarre-MP-2.jpg\u00a0\u00bb title_text=\u00a0\u00bbMariage\u00a0\u00bb _builder_version=\u00a0\u00bb4.27.2&Prime; _module_preset=\u00a0\u00bbdefault\u00a0\u00bb filter_opacity=\u00a0\u00bb60%\u00a0\u00bb global_colors_info=\u00a0\u00bb{}\u00a0\u00bb][\/et_pb_image][et_pb_image src=\u00a0\u00bbhttps:\/\/wedding-bymove.com\/wp-content\/uploads\/2025\/05\/La-Perle-Photographie-26.08.2023.jpg\u00a0\u00bb alt=\u00a0\u00bbDiscussions \u00e0 l&rsquo;\u00e9glise entre 2 enfants\u00a0\u00bb title_text=\u00a0\u00bbLa Perle Photographie &#8211; 26.08.2023&Prime; _builder_version=\u00a0\u00bb4.27.2&Prime; _module_preset=\u00a0\u00bbdefault\u00a0\u00bb filter_opacity=\u00a0\u00bb60%\u00a0\u00bb global_colors_info=\u00a0\u00bb{}\u00a0\u00bb][\/et_pb_image][et_pb_image src=\u00a0\u00bbhttps:\/\/wedding-bymove.com\/wp-content\/uploads\/2025\/05\/Marie-Labe-2021-08-14-scaled.jpg\u00a0\u00bb alt=\u00a0\u00bbPhoto de mariage en famille\u00a0\u00bb title_text=\u00a0\u00bbMarie Labe 2021-08-14&Prime; _builder_version=\u00a0\u00bb4.27.2&Prime; _module_preset=\u00a0\u00bbdefault\u00a0\u00bb filter_opacity=\u00a0\u00bb60%\u00a0\u00bb global_colors_info=\u00a0\u00bb{}\u00a0\u00bb][\/et_pb_image][et_pb_image src=\u00a0\u00bbhttps:\/\/wedding-bymove.com\/wp-content\/uploads\/2025\/05\/sandra-lacroix-photographie-mariage_floraluca-323.jpg\u00a0\u00bb alt=\u00a0\u00bbEnfants lan\u00e7ant des confettis \u00e0 la sortie de l&rsquo;\u00e9glise\u00a0\u00bb title_text=\u00a0\u00bbFlora &#038; Luca\u00a0\u00bb _builder_version=\u00a0\u00bb4.27.2&Prime; _module_preset=\u00a0\u00bbdefault\u00a0\u00bb filter_opacity=\u00a0\u00bb60%\u00a0\u00bb global_colors_info=\u00a0\u00bb{}\u00a0\u00bb][\/et_pb_image][et_pb_image src=\u00a0\u00bbhttps:\/\/wedding-bymove.com\/wp-content\/uploads\/2025\/05\/0553_Maud_Venel-180-2_WEB.jpg\u00a0\u00bb alt=\u00a0\u00bbEnfant sur son 31 pour le mariage\u00a0\u00bb title_text=\u00a0\u00bb0553_Maud_Venel-180-2_WEB\u00a0\u00bb _builder_version=\u00a0\u00bb4.27.2&Prime; _module_preset=\u00a0\u00bbdefault\u00a0\u00bb filter_opacity=\u00a0\u00bb60%\u00a0\u00bb global_colors_info=\u00a0\u00bb{}\u00a0\u00bb][\/et_pb_image][et_pb_image src=\u00a0\u00bbhttps:\/\/wedding-bymove.com\/wp-content\/uploads\/2025\/05\/sandra-lacroix-photographie_mariage_floraluca-425-Modifier.jpg\u00a0\u00bb alt=\u00a0\u00bbPhoto de famille avec les mari\u00e9s et leurs enfants\u00a0\u00bb title_text=\u00a0\u00bbFlora &#038; Luca\u00a0\u00bb _builder_version=\u00a0\u00bb4.27.2&Prime; _module_preset=\u00a0\u00bbdefault\u00a0\u00bb filter_opacity=\u00a0\u00bb60%\u00a0\u00bb global_colors_info=\u00a0\u00bb{}\u00a0\u00bb][\/et_pb_image][et_pb_image src=\u00a0\u00bbhttps:\/\/wedding-bymove.com\/wp-content\/uploads\/2025\/05\/0678_Maud_Venel-4328_WEB.jpg\u00a0\u00bb alt=\u00a0\u00bbEnfant tr\u00e8s chic au mariage\u00a0\u00bb title_text=\u00a0\u00bb0678_Maud_Venel-4328_WEB\u00a0\u00bb _builder_version=\u00a0\u00bb4.27.2&Prime; _module_preset=\u00a0\u00bbdefault\u00a0\u00bb filter_opacity=\u00a0\u00bb60%\u00a0\u00bb global_colors_info=\u00a0\u00bb{}\u00a0\u00bb][\/et_pb_image][et_pb_image src=\u00a0\u00bbhttps:\/\/wedding-bymove.com\/wp-content\/uploads\/2025\/05\/Labo-N\u00b03-2023.09.03-scaled.jpg\u00a0\u00bb alt=\u00a0\u00bbEnfants jouant au jenga g\u00e9ant pendant le vin d&rsquo;honneur\u00a0\u00bb title_text=\u00a0\u00bbLabo N\u00b03 2023.09.03&Prime; _builder_version=\u00a0\u00bb4.27.2&Prime; _module_preset=\u00a0\u00bbdefault\u00a0\u00bb filter_opacity=\u00a0\u00bb60%\u00a0\u00bb global_colors_info=\u00a0\u00bb{}\u00a0\u00bb][\/et_pb_image][et_pb_image src=\u00a0\u00bbhttps:\/\/wedding-bymove.com\/wp-content\/uploads\/2025\/05\/Gerel-photo-702.jpg\u00a0\u00bb alt=\u00a0\u00bbEnfants au photobooth\u00a0\u00bb title_text=\u00a0\u00bbGerel-photo-702&Prime; _builder_version=\u00a0\u00bb4.27.2&Prime; _module_preset=\u00a0\u00bbdefault\u00a0\u00bb filter_opacity=\u00a0\u00bb60%\u00a0\u00bb global_colors_info=\u00a0\u00bb{}\u00a0\u00bb][\/et_pb_image][et_pb_image src=\u00a0\u00bbhttps:\/\/wedding-bymove.com\/wp-content\/uploads\/2025\/05\/Coco-Egia-L3410038_websize.jpg\u00a0\u00bb alt=\u00a0\u00bbEnfant lan\u00e7ant des p\u00e9tales de fleurs\u00a0\u00bb title_text=\u00a0\u00bbBEN &amp; HALEY\u00a0\u00bb _builder_version=\u00a0\u00bb4.27.2&Prime; _module_preset=\u00a0\u00bbdefault\u00a0\u00bb filter_opacity=\u00a0\u00bb60%\u00a0\u00bb hover_enabled=\u00a0\u00bb0&Prime; global_colors_info=\u00a0\u00bb{}\u00a0\u00bb sticky_enabled=\u00a0\u00bb0&Prime;][\/et_pb_image][\/et_pb_column][\/et_pb_row][\/et_pb_section]<\/p>\n","protected":false},"excerpt":{"rendered":"<p>Vous vous demandez si vous devez inviter ou non les enfants \u00e0 votre mariage ? Bonne question ! En tant que wedding planner exp\u00e9riment\u00e9 (et un peu humoriste en chef), je vais vous aider \u00e0 y voir plus clair. <\/p>\n","protected":false},"author":1,"featured_media":0,"comment_status":"open","ping_status":"open","sticky":false,"template":"","format":"standard","meta":{"_et_pb_use_builder":"on","_et_pb_old_content":"[et_pb_section fb_built=\"1\" custom_padding_last_edited=\"on|tablet\" admin_label=\"Hero\" _builder_version=\"4.16\" use_background_color_gradient=\"on\" background_color_gradient_direction=\"90deg\" background_color_gradient_stops=\"#F0EDEE 65%|#F9F6F5 65%\" background_color_gradient_start=\"#F0EDEE\" background_color_gradient_start_position=\"65%\" background_color_gradient_end=\"#F9F6F5\" background_color_gradient_end_position=\"0%\" background_size=\"initial\" background_position=\"top_left\" background_repeat=\"repeat\" custom_margin=\"|||\" custom_padding=\"6vw|0px|0px|0px|false|false\" custom_padding_tablet=\"0vw|||\" custom_padding_phone=\"\" locked=\"off\" global_colors_info=\"{}\"][et_pb_row column_structure=\"1_2,1_2\" make_equal=\"on\" disabled_on=\"off|off|off\" _builder_version=\"4.27.2\" width=\"100%\" max_width=\"100%\" custom_padding=\"0px|0px|0px|0px|true|true\" hover_enabled=\"0\" use_custom_width=\"on\" width_unit=\"off\" custom_width_percent=\"100%\" global_colors_info=\"{}\" sticky_enabled=\"0\"][et_pb_column type=\"1_2\" _builder_version=\"4.27.2\" use_background_color_gradient=\"on\" background_color_gradient_direction=\"30deg\" background_color_gradient_stops=\"rgba(222,213,216,0.1) 0%|rgba(222,213,216,0.7) 100%\" background_color_gradient_overlays_image=\"on\" background_color_gradient_start=\"rgba(222,213,216,0.1)\" background_color_gradient_end=\"rgba(222,213,216,0.7)\" background_image=\"https:\/\/wedding-bymove.com\/wp-content\/uploads\/2025\/04\/Alain-Grivel-AV-1.jpg\" custom_padding=\"|||\" hover_enabled=\"0\" global_colors_info=\"{}\" custom_padding__hover=\"|||\" alt=\"C\u00e9r\u00e9monie la\u00efque - Rituel des rubans\" title_text=\"Alain Grivel A&V 1\" sticky_enabled=\"0\"][et_pb_divider show_divider=\"off\" _builder_version=\"4.16\" height=\"20vw\" global_colors_info=\"{}\"][\/et_pb_divider][\/et_pb_column][et_pb_column type=\"1_2\" _builder_version=\"4.16\" custom_padding=\"10vw||10vw|\" custom_padding_tablet=\"|10%||10%||true\" custom_padding_phone=\"\" custom_padding_last_edited=\"on|tablet\" global_colors_info=\"{}\" padding_tablet=\"|10%||10%||true\" padding_last_edited=\"on|tablet\" custom_padding__hover=\"|||\" padding_phone=\"|10%||10%||true\"][et_pb_text _builder_version=\"4.27.2\" text_font=\"||||||||\" text_font_size=\"16px\" text_line_height=\"2em\" header_font=\"Oswald|500||on|||||\" header_font_size=\"6vw\" header_letter_spacing=\"0.05em\" header_line_height=\"1.2em\" header_5_font=\"Roboto|700||on|||||\" header_5_text_color=\"#898ea2\" header_5_font_size=\"26px\" header_5_letter_spacing=\"10px\" header_5_line_height=\"1.4em\" header_6_font=\"Roboto|700||on|||||\" header_6_text_color=\"#d39b86\" header_6_font_size=\"16px\" header_6_letter_spacing=\"5px\" header_6_line_height=\"1.5em\" text_orientation=\"right\" width=\"176.4%\" custom_margin=\"|10vw||-20vw\" custom_margin_tablet=\"|0%||0%||true\" custom_margin_phone=\"|||\" custom_margin_last_edited=\"on|phone\" custom_padding=\"|0px||||\" custom_padding_last_edited=\"off|desktop\" animation_style=\"slide\" animation_direction=\"left\" animation_intensity_slide=\"2%\" hover_enabled=\"0\" header_font_size_tablet=\"70px\" header_font_size_phone=\"40px\" header_font_size_last_edited=\"on|phone\" header_line_height_tablet=\"\" header_line_height_phone=\"1.5em\" header_line_height_last_edited=\"on|phone\" header_5_font_size_tablet=\"\" header_5_font_size_phone=\"18px\" header_5_font_size_last_edited=\"on|phone\" locked=\"off\" global_colors_info=\"{}\" disabled_on=\"on|on|off\" sticky_enabled=\"0\"]<h5>\u00a0ARTICLE<\/h5>\n<h1><span style=\"font-size: 149.76px;\">\u00a0Tout savoir sur la c\u00e9r\u00e9monie la\u00cfQUE\u00a0<\/span><span style=\"font-size: 149.76px;\"><\/span><\/h1>\n<p><span style=\"font-size: 149.76px;\"><\/span><\/p>\n<h6>\u00a0D\u00e9couvrez TOUTES LES INFOS<\/h6>[\/et_pb_text][\/et_pb_column][\/et_pb_row][\/et_pb_section][et_pb_section fb_built=\"1\" custom_padding_last_edited=\"off|desktop\" admin_label=\"About Me\" _builder_version=\"4.16\" use_background_color_gradient=\"on\" background_color_gradient_direction=\"90deg\" background_color_gradient_stops=\"rgba(240,237,238,0) 75%|#F9F6F5 75%\" background_color_gradient_start=\"rgba(240,237,238,0)\" background_color_gradient_start_position=\"75%\" background_color_gradient_end=\"#F9F6F5\" background_color_gradient_end_position=\"0%\" background_image=\"https:\/\/wedding-bymove.com\/wp-content\/uploads\/2021\/02\/divider.png\" background_size=\"initial\" background_position=\"top_left\" background_repeat=\"repeat\" custom_margin=\"|||\" custom_padding=\"23px||6px|||\" custom_padding_tablet=\"0vw|||\" animation_style=\"slide\" animation_direction=\"right\" animation_intensity_slide=\"2%\" locked=\"off\" global_colors_info=\"{}\"][et_pb_row column_structure=\"3_4,1_4\" _builder_version=\"4.16\" custom_padding=\"|||\" global_colors_info=\"{}\"][et_pb_column type=\"3_4\" _builder_version=\"4.16\" custom_padding=\"|||\" custom_padding_tablet=\"|10%||10%||true\" custom_padding_phone=\"|||\" custom_padding_last_edited=\"off|desktop\" global_colors_info=\"{}\" padding_phone=\"|||\" padding_tablet=\"|10%||10%||true\" padding_last_edited=\"off|desktop\" custom_padding__hover=\"|||\"][et_pb_text _builder_version=\"4.27.2\" text_font=\"||||||||\" text_font_size=\"16px\" text_line_height=\"2em\" header_font=\"||||||||\" header_2_font=\"Oswald|||on|||||\" header_2_line_height=\"1.5em\" header_4_font=\"||||||||\" custom_margin=\"|||\" custom_padding=\"||0px|||\" hover_enabled=\"0\" inline_fonts=\"Josefin Sans\" global_colors_info=\"{}\" sticky_enabled=\"0\"]<p>Les c\u00e9r\u00e9monies la\u00efques connaissent un v\u00e9ritable engouement ces derni\u00e8res ann\u00e9es. De plus en plus de couples choisissent d'officialiser leur amour ou de renouveler leurs v\u0153ux sans s'inscrire dans un cadre religieux ou traditionnel. Si vous \u00eates en pleine pr\u00e9paration de votre mariage, voici ce que vous devez savoir sur cette belle alternative.<\/p>\n<h2>Pourquoi choisir une c\u00e9r\u00e9monie la\u00efque ?<\/h2>\n<p>L'un des principaux atouts d'une c\u00e9r\u00e9monie la\u00efque est sa flexibilit\u00e9. Elle vous permet de cr\u00e9er un moment qui vous ressemble vraiment, en int\u00e9grant vos croyances, vos valeurs et votre histoire. C\u2019est l\u2019occasion de c\u00e9l\u00e9brer votre amour sans les contraintes d\u2019une tradition religieuse, tout en respectant la diversit\u00e9 des \u00e9motions et des parcours de chacun.<\/p>\n<p>Pour les couples qui s'\u00e9loignent des dogmes religieux ou qui viennent de milieux culturels diff\u00e9rents, la c\u00e9r\u00e9monie la\u00efque repr\u00e9sente un cadre inclusif et neutre. Elle met l'accent sur le lien fort qui vous unit, plut\u00f4t que sur une autorit\u00e9 ext\u00e9rieure. En adoptant cette approche, vous pouvez exprimer votre individualit\u00e9 et vos valeurs communes de mani\u00e8re authentique.<\/p>\n<p>De plus, ces c\u00e9r\u00e9monies sont particuli\u00e8rement appr\u00e9ci\u00e9es par les couples LGBTQ+, qui souhaitent c\u00e9l\u00e9brer leur amour sans se sentir limit\u00e9s par les normes traditionnelles.<\/p>\n<p>Autre avantage non n\u00e9gligeable : une c\u00e9r\u00e9monie la\u00efque peut \u00eatre c\u00e9l\u00e9br\u00e9e n\u2019importe o\u00f9\u00a0! En plein air, dans un jardin face \u00e0 la montagne ou sur une plage, ou bien dans un lieu qui a du sens pour votre couple,\u00a0votre maison de famille, la grange de vos grands-parents, ou bien dans l\u2019h\u00f4tel o\u00f9 vous vous \u00eates rencontr\u00e9s.<\/p>\n<h2>Que comprend une c\u00e9r\u00e9monie la\u00efque ?<\/h2>\n<p>Votre c\u00e9r\u00e9monie la\u00efque peut \u00eatre aussi formelle ou d\u00e9contract\u00e9e que vous le souhaitez. Un officiant qualifi\u00e9, choisi par vos soins, peut vous aider \u00e0 r\u00e9diger et \u00e0 animer la c\u00e9r\u00e9monie, tout en guidant vos invit\u00e9s \u00e0 travers ce moment unique.<\/p>\n<p>L'un des grands avantages est que vous pouvez personnaliser chaque d\u00e9tail. Vous avez la libert\u00e9 d'\u00e9crire vos v\u0153ux et d'inclure des rituels symboliques, comme l'\u00e9change des alliances ou des objets significatifs. Si vous avez d\u00e9j\u00e0 des enfants, vous pouvez les inclure dans votre c\u00e9r\u00e9monie d\u2019engagement. Vous pouvez \u00e9galement faire participer vos proches en leur confiant des lectures ou des discours, ou m\u00eame l\u2019animation de l\u2019int\u00e9gralit\u00e9 de la c\u00e9r\u00e9monie.<\/p>\n<p>La musique, qui accompagne souvent ces moments, joue \u00e9galement un r\u00f4le essentiel. Choisissez des morceaux qui refl\u00e8tent vos go\u00fbts et l'\u00e9motion que vous souhaitez transmettre.<\/p>\n<h2>Qu'est-ce qu'un rituel ?<\/h2>\n<p>Les rituels sont des gestes symboliques que vous pouvez int\u00e9grer \u00e0 votre c\u00e9r\u00e9monie pour marquer votre union, honorer vos proches ou mettre en avant certains aspects de votre personnalit\u00e9. L'important est que chaque rituel ait du sens pour vous. Opter pour quelque chose uniquement parce que c'est \"tendance\" n'apporte pas la m\u00eame profondeur.<\/p>\n<p>Pour les couples issus de cultures diff\u00e9rentes, les rituels peuvent \u00e9galement \u00eatre l'occasion d'honorer leurs traditions. Par exemple, le bris du verre dans un mariage juif, qui symbolise le bonheur, peut \u00eatre int\u00e9gr\u00e9 de mani\u00e8re significative dans une c\u00e9r\u00e9monie la\u00efque.<\/p>\n<p>Voici quelques exemples de rituels simples et faciles \u00e0 envisager :<\/p>\n<ul>\n<li><strong>La c\u00e9r\u00e9monie des sabliers<\/strong>\u00a0: Chaque partenaire verse du sable de diff\u00e9rentes couleurs dans un r\u00e9cipient commun, symbolisant l'union indissociable de leurs vies.<\/li>\n<li><strong>Le rituel de l'arbre<\/strong>\u00a0: Les mari\u00e9s plantent un arbre ensemble, symbolisant la croissance de leur amour au fil des ann\u00e9es.<\/li>\n<li><strong>L'\u00e9change de lettres<\/strong>\u00a0: Chaque partenaire \u00e9crit une lettre \u00e0 l'autre, exprimant ses sentiments et ses promesses, puis les scelle dans une bo\u00eete \u00e0 ouvrir lors d'un futur anniversaire.<\/li>\n<li><strong>La c\u00e9r\u00e9monie de la lumi\u00e8re<\/strong>\u00a0: Les mari\u00e9s allument ensemble une bougie \u00e0 partir de deux bougies individuelles, symbolisant leur union tout en honorant leurs individualit\u00e9s.<\/li>\n<\/ul>\n<h2>O\u00f9 trouver des id\u00e9es de rituels ?<\/h2>\n<p>Internet regorge d'exemples de rituels symboliques. Des traditions comme la c\u00e9r\u00e9monie des mains li\u00e9es ou le rituel de la pelote de laine, qui lie tous les invit\u00e9s, apportent une belle dimension participative et chaleureuse. De nombreux officiants proposent \u00e9galement de cr\u00e9er ou de personnaliser les rituels en s'inspirant de votre histoire unique.<\/p>\n<h2>Quel est le tarif d'un officiant professionnel ?<\/h2>\n<p>Le budget consacr\u00e9 \u00e0 un officiant de c\u00e9r\u00e9monie la\u00efque, entre 500 et 2000 euros environ, varie principalement en fonction de ses services\u00a0: combien de rendez-vous avec vous va-t-il vous proposer\u00a0? Ne fait-il qu\u2019\u00e9crire la c\u00e9r\u00e9monie pour l\u2019un de vos proches qui va officier\u00a0? Ou bien sera-t-il pr\u00e9sent le Jour J\u00a0? S\u2019occupe-t-il de la sonorisation et de la d\u00e9coration de votre c\u00e9r\u00e9monie\u00a0? Il est essentiel de discuter de vos attentes et des options avec l'officiant afin de s'assurer que la prestation corresponde \u00e0 vos besoins et \u00e0 votre budget.<\/p>\n<h2>Comment choisir votre officiant ?<\/h2>\n<p>Le choix de votre officiant doit se faire de la m\u00eame mani\u00e8re que pour votre wedding planner\u00a0: c'est avant tout une question de feeling. Vous devez vous sentir \u00e0 l'aise pour partager votre histoire, vos moments de joie et m\u00eame ceux qui vous ont forg\u00e9s. Un bon officiant saura capter l'essence de votre relation et la retranscrire lors de la c\u00e9r\u00e9monie.<\/p>\n<p>&nbsp;<\/p>\n<p>En r\u00e9sum\u00e9 Les c\u00e9r\u00e9monies la\u00efques offrent une alternative sur mesure aux c\u00e9l\u00e9brations religieuses. Elles permettent de refl\u00e9ter vos croyances, vos valeurs et votre parcours personnel. Que vous souhaitiez c\u00e9l\u00e9brer votre amour sans contraintes ou honorer votre diversit\u00e9 culturelle, une c\u00e9r\u00e9monie la\u00efque est une belle mani\u00e8re de rendre votre journ\u00e9e encore plus unique.<\/p>\n<p>Alors, pr\u00eats \u00e0 cr\u00e9er un moment inoubliable ?<\/p>\n<p>&nbsp;<\/p>[\/et_pb_text][et_pb_text _builder_version=\"4.16\" text_font=\"||||||||\" text_font_size=\"16px\" text_line_height=\"2em\" header_font=\"||||||||\" header_2_font=\"Oswald|||on|||||\" header_2_line_height=\"1.5em\" header_4_font=\"||||||||\" custom_margin=\"|||\" global_colors_info=\"{}\"][\/et_pb_text][\/et_pb_column][et_pb_column type=\"1_4\" _builder_version=\"4.16\" custom_padding=\"|||\" custom_padding_tablet=\"|10%||10%||true\" custom_padding_phone=\"|||\" custom_padding_last_edited=\"off|desktop\" global_colors_info=\"{}\" padding_phone=\"|||\" padding_tablet=\"|10%||10%||true\" padding_last_edited=\"off|desktop\" custom_padding__hover=\"|||\"][et_pb_image src=\"https:\/\/wedding-bymove.com\/wp-content\/uploads\/2025\/04\/Alain-Grivel-AM-1-scaled.jpg\" title_text=\"Alain Grivel A&M 1\" _builder_version=\"4.27.2\" _module_preset=\"default\" filter_opacity=\"60%\" hover_enabled=\"0\" global_colors_info=\"{}\" sticky_enabled=\"0\"][\/et_pb_image][et_pb_image src=\"https:\/\/wedding-bymove.com\/wp-content\/uploads\/2025\/04\/Alain-Grivel-AV-2.jpg\" title_text=\"Alain Grivel A&V 2\" _builder_version=\"4.27.2\" _module_preset=\"default\" filter_opacity=\"60%\" hover_enabled=\"0\" global_colors_info=\"{}\" sticky_enabled=\"0\"][\/et_pb_image][et_pb_image src=\"https:\/\/wedding-bymove.com\/wp-content\/uploads\/2025\/04\/CCarre-MP-1.jpg\" title_text=\"Mariage\" _builder_version=\"4.27.2\" _module_preset=\"default\" filter_opacity=\"60%\" hover_enabled=\"0\" global_colors_info=\"{}\" sticky_enabled=\"0\"][\/et_pb_image][et_pb_image src=\"https:\/\/wedding-bymove.com\/wp-content\/uploads\/2025\/02\/Gerel-photo-204.jpg\" title_text=\"Gerel-photo-204\" _builder_version=\"4.27.2\" _module_preset=\"default\" filter_opacity=\"60%\" hover_enabled=\"0\" global_colors_info=\"{}\" sticky_enabled=\"0\"][\/et_pb_image][et_pb_image src=\"https:\/\/wedding-bymove.com\/wp-content\/uploads\/2025\/04\/CCarre-MP-2.jpg\" title_text=\"Mariage\" _builder_version=\"4.27.2\" _module_preset=\"default\" filter_opacity=\"60%\" hover_enabled=\"0\" global_colors_info=\"{}\" sticky_enabled=\"0\"][\/et_pb_image][et_pb_image src=\"https:\/\/wedding-bymove.com\/wp-content\/uploads\/2025\/04\/Chloe-Egia-Weddings.jpg\" title_text=\"BEN &amp; HALEY\" _builder_version=\"4.27.2\" _module_preset=\"default\" filter_opacity=\"60%\" hover_enabled=\"0\" global_colors_info=\"{}\" sticky_enabled=\"0\"][\/et_pb_image][et_pb_image src=\"https:\/\/wedding-bymove.com\/wp-content\/uploads\/2025\/04\/Daica-photo-2023.jpg\" title_text=\"Daica photo 2023\" _builder_version=\"4.27.2\" _module_preset=\"default\" filter_opacity=\"60%\" hover_enabled=\"0\" global_colors_info=\"{}\" sticky_enabled=\"0\"][\/et_pb_image][et_pb_image src=\"https:\/\/wedding-bymove.com\/wp-content\/uploads\/2025\/04\/Marie-Labe-JJ.jpg\" title_text=\"Marie Labe J&J\" _builder_version=\"4.27.2\" _module_preset=\"default\" filter_opacity=\"60%\" hover_enabled=\"0\" global_colors_info=\"{}\" sticky_enabled=\"0\"][\/et_pb_image][et_pb_image src=\"https:\/\/wedding-bymove.com\/wp-content\/uploads\/2025\/04\/Frederic-Marrapodi.jpg\" title_text=\"Fr\u00e9d\u00e9ric Marrapodi\" _builder_version=\"4.27.2\" _module_preset=\"default\" filter_opacity=\"60%\" hover_enabled=\"0\" global_colors_info=\"{}\" sticky_enabled=\"0\"][\/et_pb_image][et_pb_image src=\"https:\/\/wedding-bymove.com\/wp-content\/uploads\/2025\/04\/Maud-Venel-MA-2.jpg\" title_text=\"Maud Venel M&A 2\" _builder_version=\"4.27.2\" _module_preset=\"default\" filter_opacity=\"60%\" hover_enabled=\"0\" global_colors_info=\"{}\" sticky_enabled=\"0\"][\/et_pb_image][et_pb_image src=\"https:\/\/wedding-bymove.com\/wp-content\/uploads\/2025\/04\/Sur-Seine-Photo-NO-scaled.jpg\" title_text=\"Sur Seine Photo N&O\" _builder_version=\"4.27.2\" _module_preset=\"default\" filter_opacity=\"60%\" hover_enabled=\"0\" global_colors_info=\"{}\" sticky_enabled=\"0\"][\/et_pb_image][et_pb_image src=\"https:\/\/wedding-bymove.com\/wp-content\/uploads\/2025\/04\/Tiffany-Oliver-CC-1-scaled.jpg\" title_text=\"Tiffany Oliver C&C 1\" _builder_version=\"4.27.2\" _module_preset=\"default\" filter_opacity=\"60%\" hover_enabled=\"0\" global_colors_info=\"{}\" sticky_enabled=\"0\"][\/et_pb_image][et_pb_image src=\"https:\/\/wedding-bymove.com\/wp-content\/uploads\/2025\/02\/Maud-Venel-21.05.30-1-scaled.jpg\" title_text=\"Maud Venel 21.05.30 1\" _builder_version=\"4.27.2\" _module_preset=\"default\" filter_opacity=\"60%\" hover_enabled=\"0\" global_colors_info=\"{}\" sticky_enabled=\"0\"][\/et_pb_image][\/et_pb_column][\/et_pb_row][\/et_pb_section]","_et_gb_content_width":"1080","_monsterinsights_skip_tracking":false,"_monsterinsights_sitenote_active":false,"_monsterinsights_sitenote_note":"","_monsterinsights_sitenote_category":0,"footnotes":""},"categories":[11],"tags":[],"class_list":["post-1507","post","type-post","status-publish","format-standard","hentry","category-article"],"yoast_head":"<!-- This site is optimized with the Yoast SEO plugin v27.4 - https:\/\/yoast.com\/product\/yoast-seo-wordpress\/ -->\n<title>Mariage avec ou sans enfants : comment faire le bon choix ?<\/title>\n<meta name=\"description\" content=\"Les enfants doivent-ils \u00eatre invit\u00e9s au mariage ? Voici la question \u00e0 laquelle nous r\u00e9pondons dans cet article : Mariage avec ou sans enfants\" \/>\n<meta name=\"robots\" content=\"index, follow, max-snippet:-1, max-image-preview:large, max-video-preview:-1\" \/>\n<link rel=\"canonical\" href=\"https:\/\/wedding-bymove.com\/index.php\/2025\/05\/28\/mariage-avec-sans-enfants-faire-le-bon-choix\/\" \/>\n<meta property=\"og:locale\" content=\"fr_FR\" \/>\n<meta property=\"og:type\" content=\"article\" \/>\n<meta property=\"og:title\" content=\"Mariage avec ou sans enfants : comment faire le bon choix ?\" \/>\n<meta property=\"og:description\" content=\"Les enfants doivent-ils \u00eatre invit\u00e9s au mariage ? Voici la question \u00e0 laquelle nous r\u00e9pondons dans cet article : Mariage avec ou sans enfants\" \/>\n<meta property=\"og:url\" content=\"https:\/\/wedding-bymove.com\/index.php\/2025\/05\/28\/mariage-avec-sans-enfants-faire-le-bon-choix\/\" \/>\n<meta property=\"og:site_name\" content=\"Wedding by move\" \/>\n<meta property=\"article:published_time\" content=\"2025-05-28T07:07:49+00:00\" \/>\n<meta name=\"author\" content=\"admin1601\" \/>\n<meta name=\"twitter:card\" content=\"summary_large_image\" \/>\n<meta name=\"twitter:label1\" content=\"\u00c9crit par\" \/>\n\t<meta name=\"twitter:data1\" content=\"admin1601\" \/>\n\t<meta name=\"twitter:label2\" content=\"Dur\u00e9e de lecture estim\u00e9e\" \/>\n\t<meta name=\"twitter:data2\" content=\"12 minutes\" \/>\n<script type=\"application\/ld+json\" class=\"yoast-schema-graph\">{\"@context\":\"https:\\\/\\\/schema.org\",\"@graph\":[{\"@type\":\"Article\",\"@id\":\"https:\\\/\\\/wedding-bymove.com\\\/index.php\\\/2025\\\/05\\\/28\\\/mariage-avec-sans-enfants-faire-le-bon-choix\\\/#article\",\"isPartOf\":{\"@id\":\"https:\\\/\\\/wedding-bymove.com\\\/index.php\\\/2025\\\/05\\\/28\\\/mariage-avec-sans-enfants-faire-le-bon-choix\\\/\"},\"author\":{\"name\":\"admin1601\",\"@id\":\"https:\\\/\\\/wedding-bymove.com\\\/#\\\/schema\\\/person\\\/48bf24036444587d58d60d8c8810e267\"},\"headline\":\"Mariage avec ou sans enfants : comment faire le bon choix pour votre grand jour ?\",\"datePublished\":\"2025-05-28T07:07:49+00:00\",\"mainEntityOfPage\":{\"@id\":\"https:\\\/\\\/wedding-bymove.com\\\/index.php\\\/2025\\\/05\\\/28\\\/mariage-avec-sans-enfants-faire-le-bon-choix\\\/\"},\"wordCount\":2371,\"commentCount\":1,\"publisher\":{\"@id\":\"https:\\\/\\\/wedding-bymove.com\\\/#organization\"},\"articleSection\":[\"Article\"],\"inLanguage\":\"fr-FR\",\"potentialAction\":[{\"@type\":\"CommentAction\",\"name\":\"Comment\",\"target\":[\"https:\\\/\\\/wedding-bymove.com\\\/index.php\\\/2025\\\/05\\\/28\\\/mariage-avec-sans-enfants-faire-le-bon-choix\\\/#respond\"]}]},{\"@type\":\"WebPage\",\"@id\":\"https:\\\/\\\/wedding-bymove.com\\\/index.php\\\/2025\\\/05\\\/28\\\/mariage-avec-sans-enfants-faire-le-bon-choix\\\/\",\"url\":\"https:\\\/\\\/wedding-bymove.com\\\/index.php\\\/2025\\\/05\\\/28\\\/mariage-avec-sans-enfants-faire-le-bon-choix\\\/\",\"name\":\"Mariage avec ou sans enfants : comment faire le bon choix ?\",\"isPartOf\":{\"@id\":\"https:\\\/\\\/wedding-bymove.com\\\/#website\"},\"datePublished\":\"2025-05-28T07:07:49+00:00\",\"description\":\"Les enfants doivent-ils \u00eatre invit\u00e9s au mariage ? Voici la question \u00e0 laquelle nous r\u00e9pondons dans cet article : Mariage avec ou sans enfants\",\"breadcrumb\":{\"@id\":\"https:\\\/\\\/wedding-bymove.com\\\/index.php\\\/2025\\\/05\\\/28\\\/mariage-avec-sans-enfants-faire-le-bon-choix\\\/#breadcrumb\"},\"inLanguage\":\"fr-FR\",\"potentialAction\":[{\"@type\":\"ReadAction\",\"target\":[\"https:\\\/\\\/wedding-bymove.com\\\/index.php\\\/2025\\\/05\\\/28\\\/mariage-avec-sans-enfants-faire-le-bon-choix\\\/\"]}]},{\"@type\":\"BreadcrumbList\",\"@id\":\"https:\\\/\\\/wedding-bymove.com\\\/index.php\\\/2025\\\/05\\\/28\\\/mariage-avec-sans-enfants-faire-le-bon-choix\\\/#breadcrumb\",\"itemListElement\":[{\"@type\":\"ListItem\",\"position\":1,\"name\":\"Accueil\",\"item\":\"https:\\\/\\\/wedding-bymove.com\\\/\"},{\"@type\":\"ListItem\",\"position\":2,\"name\":\"Mariage avec ou sans enfants : comment faire le bon choix pour votre grand jour ?\"}]},{\"@type\":\"WebSite\",\"@id\":\"https:\\\/\\\/wedding-bymove.com\\\/#website\",\"url\":\"https:\\\/\\\/wedding-bymove.com\\\/\",\"name\":\"Wedding by move\",\"description\":\"Wedding-planner dans le Pays de gex\",\"publisher\":{\"@id\":\"https:\\\/\\\/wedding-bymove.com\\\/#organization\"},\"potentialAction\":[{\"@type\":\"SearchAction\",\"target\":{\"@type\":\"EntryPoint\",\"urlTemplate\":\"https:\\\/\\\/wedding-bymove.com\\\/?s={search_term_string}\"},\"query-input\":{\"@type\":\"PropertyValueSpecification\",\"valueRequired\":true,\"valueName\":\"search_term_string\"}}],\"inLanguage\":\"fr-FR\"},{\"@type\":\"Organization\",\"@id\":\"https:\\\/\\\/wedding-bymove.com\\\/#organization\",\"name\":\"Move Evenements\",\"url\":\"https:\\\/\\\/wedding-bymove.com\\\/\",\"logo\":{\"@type\":\"ImageObject\",\"inLanguage\":\"fr-FR\",\"@id\":\"https:\\\/\\\/wedding-bymove.com\\\/#\\\/schema\\\/logo\\\/image\\\/\",\"url\":\"https:\\\/\\\/wedding-bymove.com\\\/wp-content\\\/uploads\\\/2021\\\/02\\\/W-Logo-rose-fond-transparent-840-500.png\",\"contentUrl\":\"https:\\\/\\\/wedding-bymove.com\\\/wp-content\\\/uploads\\\/2021\\\/02\\\/W-Logo-rose-fond-transparent-840-500.png\",\"width\":597,\"height\":209,\"caption\":\"Move Evenements\"},\"image\":{\"@id\":\"https:\\\/\\\/wedding-bymove.com\\\/#\\\/schema\\\/logo\\\/image\\\/\"}},{\"@type\":\"Person\",\"@id\":\"https:\\\/\\\/wedding-bymove.com\\\/#\\\/schema\\\/person\\\/48bf24036444587d58d60d8c8810e267\",\"name\":\"admin1601\",\"image\":{\"@type\":\"ImageObject\",\"inLanguage\":\"fr-FR\",\"@id\":\"https:\\\/\\\/secure.gravatar.com\\\/avatar\\\/5235f6e32830bb9abbf6f937c37173dee7ceef04a0da4499bd570c9080e56ffe?s=96&d=mm&r=g\",\"url\":\"https:\\\/\\\/secure.gravatar.com\\\/avatar\\\/5235f6e32830bb9abbf6f937c37173dee7ceef04a0da4499bd570c9080e56ffe?s=96&d=mm&r=g\",\"contentUrl\":\"https:\\\/\\\/secure.gravatar.com\\\/avatar\\\/5235f6e32830bb9abbf6f937c37173dee7ceef04a0da4499bd570c9080e56ffe?s=96&d=mm&r=g\",\"caption\":\"admin1601\"},\"sameAs\":[\"http:\\\/\\\/wedding-bymove.com\"],\"url\":\"https:\\\/\\\/wedding-bymove.com\\\/index.php\\\/author\\\/admin1601\\\/\"}]}<\/script>\n<!-- \/ Yoast SEO plugin. -->","yoast_head_json":{"title":"Mariage avec ou sans enfants : comment faire le bon choix ?","description":"Les enfants doivent-ils \u00eatre invit\u00e9s au mariage ? Voici la question \u00e0 laquelle nous r\u00e9pondons dans cet article : Mariage avec ou sans enfants","robots":{"index":"index","follow":"follow","max-snippet":"max-snippet:-1","max-image-preview":"max-image-preview:large","max-video-preview":"max-video-preview:-1"},"canonical":"https:\/\/wedding-bymove.com\/index.php\/2025\/05\/28\/mariage-avec-sans-enfants-faire-le-bon-choix\/","og_locale":"fr_FR","og_type":"article","og_title":"Mariage avec ou sans enfants : comment faire le bon choix ?","og_description":"Les enfants doivent-ils \u00eatre invit\u00e9s au mariage ? Voici la question \u00e0 laquelle nous r\u00e9pondons dans cet article : Mariage avec ou sans enfants","og_url":"https:\/\/wedding-bymove.com\/index.php\/2025\/05\/28\/mariage-avec-sans-enfants-faire-le-bon-choix\/","og_site_name":"Wedding by move","article_published_time":"2025-05-28T07:07:49+00:00","author":"admin1601","twitter_card":"summary_large_image","twitter_misc":{"\u00c9crit par":"admin1601","Dur\u00e9e de lecture estim\u00e9e":"12 minutes"},"schema":{"@context":"https:\/\/schema.org","@graph":[{"@type":"Article","@id":"https:\/\/wedding-bymove.com\/index.php\/2025\/05\/28\/mariage-avec-sans-enfants-faire-le-bon-choix\/#article","isPartOf":{"@id":"https:\/\/wedding-bymove.com\/index.php\/2025\/05\/28\/mariage-avec-sans-enfants-faire-le-bon-choix\/"},"author":{"name":"admin1601","@id":"https:\/\/wedding-bymove.com\/#\/schema\/person\/48bf24036444587d58d60d8c8810e267"},"headline":"Mariage avec ou sans enfants : comment faire le bon choix pour votre grand jour ?","datePublished":"2025-05-28T07:07:49+00:00","mainEntityOfPage":{"@id":"https:\/\/wedding-bymove.com\/index.php\/2025\/05\/28\/mariage-avec-sans-enfants-faire-le-bon-choix\/"},"wordCount":2371,"commentCount":1,"publisher":{"@id":"https:\/\/wedding-bymove.com\/#organization"},"articleSection":["Article"],"inLanguage":"fr-FR","potentialAction":[{"@type":"CommentAction","name":"Comment","target":["https:\/\/wedding-bymove.com\/index.php\/2025\/05\/28\/mariage-avec-sans-enfants-faire-le-bon-choix\/#respond"]}]},{"@type":"WebPage","@id":"https:\/\/wedding-bymove.com\/index.php\/2025\/05\/28\/mariage-avec-sans-enfants-faire-le-bon-choix\/","url":"https:\/\/wedding-bymove.com\/index.php\/2025\/05\/28\/mariage-avec-sans-enfants-faire-le-bon-choix\/","name":"Mariage avec ou sans enfants : comment faire le bon choix ?","isPartOf":{"@id":"https:\/\/wedding-bymove.com\/#website"},"datePublished":"2025-05-28T07:07:49+00:00","description":"Les enfants doivent-ils \u00eatre invit\u00e9s au mariage ? Voici la question \u00e0 laquelle nous r\u00e9pondons dans cet article : Mariage avec ou sans enfants","breadcrumb":{"@id":"https:\/\/wedding-bymove.com\/index.php\/2025\/05\/28\/mariage-avec-sans-enfants-faire-le-bon-choix\/#breadcrumb"},"inLanguage":"fr-FR","potentialAction":[{"@type":"ReadAction","target":["https:\/\/wedding-bymove.com\/index.php\/2025\/05\/28\/mariage-avec-sans-enfants-faire-le-bon-choix\/"]}]},{"@type":"BreadcrumbList","@id":"https:\/\/wedding-bymove.com\/index.php\/2025\/05\/28\/mariage-avec-sans-enfants-faire-le-bon-choix\/#breadcrumb","itemListElement":[{"@type":"ListItem","position":1,"name":"Accueil","item":"https:\/\/wedding-bymove.com\/"},{"@type":"ListItem","position":2,"name":"Mariage avec ou sans enfants : comment faire le bon choix pour votre grand jour ?"}]},{"@type":"WebSite","@id":"https:\/\/wedding-bymove.com\/#website","url":"https:\/\/wedding-bymove.com\/","name":"Wedding by move","description":"Wedding-planner dans le Pays de gex","publisher":{"@id":"https:\/\/wedding-bymove.com\/#organization"},"potentialAction":[{"@type":"SearchAction","target":{"@type":"EntryPoint","urlTemplate":"https:\/\/wedding-bymove.com\/?s={search_term_string}"},"query-input":{"@type":"PropertyValueSpecification","valueRequired":true,"valueName":"search_term_string"}}],"inLanguage":"fr-FR"},{"@type":"Organization","@id":"https:\/\/wedding-bymove.com\/#organization","name":"Move Evenements","url":"https:\/\/wedding-bymove.com\/","logo":{"@type":"ImageObject","inLanguage":"fr-FR","@id":"https:\/\/wedding-bymove.com\/#\/schema\/logo\/image\/","url":"https:\/\/wedding-bymove.com\/wp-content\/uploads\/2021\/02\/W-Logo-rose-fond-transparent-840-500.png","contentUrl":"https:\/\/wedding-bymove.com\/wp-content\/uploads\/2021\/02\/W-Logo-rose-fond-transparent-840-500.png","width":597,"height":209,"caption":"Move Evenements"},"image":{"@id":"https:\/\/wedding-bymove.com\/#\/schema\/logo\/image\/"}},{"@type":"Person","@id":"https:\/\/wedding-bymove.com\/#\/schema\/person\/48bf24036444587d58d60d8c8810e267","name":"admin1601","image":{"@type":"ImageObject","inLanguage":"fr-FR","@id":"https:\/\/secure.gravatar.com\/avatar\/5235f6e32830bb9abbf6f937c37173dee7ceef04a0da4499bd570c9080e56ffe?s=96&d=mm&r=g","url":"https:\/\/secure.gravatar.com\/avatar\/5235f6e32830bb9abbf6f937c37173dee7ceef04a0da4499bd570c9080e56ffe?s=96&d=mm&r=g","contentUrl":"https:\/\/secure.gravatar.com\/avatar\/5235f6e32830bb9abbf6f937c37173dee7ceef04a0da4499bd570c9080e56ffe?s=96&d=mm&r=g","caption":"admin1601"},"sameAs":["http:\/\/wedding-bymove.com"],"url":"https:\/\/wedding-bymove.com\/index.php\/author\/admin1601\/"}]}},"_links":{"self":[{"href":"https:\/\/wedding-bymove.com\/index.php\/wp-json\/wp\/v2\/posts\/1507","targetHints":{"allow":["GET"]}}],"collection":[{"href":"https:\/\/wedding-bymove.com\/index.php\/wp-json\/wp\/v2\/posts"}],"about":[{"href":"https:\/\/wedding-bymove.com\/index.php\/wp-json\/wp\/v2\/types\/post"}],"author":[{"embeddable":true,"href":"https:\/\/wedding-bymove.com\/index.php\/wp-json\/wp\/v2\/users\/1"}],"replies":[{"embeddable":true,"href":"https:\/\/wedding-bymove.com\/index.php\/wp-json\/wp\/v2\/comments?post=1507"}],"version-history":[{"count":6,"href":"https:\/\/wedding-bymove.com\/index.php\/wp-json\/wp\/v2\/posts\/1507\/revisions"}],"predecessor-version":[{"id":1530,"href":"https:\/\/wedding-bymove.com\/index.php\/wp-json\/wp\/v2\/posts\/1507\/revisions\/1530"}],"wp:attachment":[{"href":"https:\/\/wedding-bymove.com\/index.php\/wp-json\/wp\/v2\/media?parent=1507"}],"wp:term":[{"taxonomy":"category","embeddable":true,"href":"https:\/\/wedding-bymove.com\/index.php\/wp-json\/wp\/v2\/categories?post=1507"},{"taxonomy":"post_tag","embeddable":true,"href":"https:\/\/wedding-bymove.com\/index.php\/wp-json\/wp\/v2\/tags?post=1507"}],"curies":[{"name":"wp","href":"https:\/\/api.w.org\/{rel}","templated":true}]}}